{"id":821,"date":"2018-03-27T09:43:29","date_gmt":"2018-03-27T09:43:29","guid":{"rendered":"http:\/\/evajor.com\/?p=821"},"modified":"2018-03-27T09:45:05","modified_gmt":"2018-03-27T09:45:05","slug":"calendario-dias-festivos","status":"publish","type":"post","link":"https:\/\/evajor.com\/ca\/calendario-dias-festivos\/","title":{"rendered":"Calendario dias festivos"},"content":{"rendered":"<h3>Calendario de d\u00edas festivos: Barcelona 2018<\/h3>\n<p>Seg\u00fan el calendario oficial habr\u00e1 13 d\u00edas festivos comunes en toda Catalu\u00f1a a los cuales los ayuntamientos podr\u00e1n a\u00f1adir dos fiestas locales. El calendario oficial de d\u00edas festivos en Barcelona 2018 y fiestas locales en algunas poblaciones de la provincia de Barcelona es el siguiente:<\/p>\n<h4>FIESTAS DE CATALU\u00d1A:<\/h4>\n<p>1 de enero \u2013 A\u00f1o Nuevo<br \/>\n6 de enero \u2013 Reyes<br \/>\n30 de marzo- Viernes Santo<br \/>\n2 de abril \u2013 Lunes de Pascua<br \/>\n1 de mayo \u2013 Fiesta del Trabajo<br \/>\n15 de agosto \u2013 \u00a0La Asunci\u00f3n<br \/>\n11 de septiembre \u2013 Fiesta Nacional de Catalu\u00f1a<br \/>\n12 de octubre \u2013\u00a0Fiesta Nacional de\u00a0Espa\u00f1a<br \/>\n1 de noviembre \u2013 Todos los Santos<br \/>\n6 de diciembre \u2013 D\u00eda de la Constituci\u00f3n<br \/>\n8 de diciembre \u2013 La Inmaculada<br \/>\n25 de diciembre \u2013 Navidad<br \/>\n26 de diciembre \u2013 San Esteban<\/p>\n<h4>FIESTAS LOCALES:<\/h4>\n<p><strong>Aiguafreda<\/strong>:\u00a021 de mayo y 7 de diciembre<br \/>\n<strong>Badalona<\/strong>:\u00a011 de mayo y 21 de mayo<br \/>\n<strong>Barcelona<\/strong>:\u00a021 de mayo y 24 septiembre<br \/>\n<strong>Barbera del Vall\u00e8s<\/strong>:\u00a023 de abril y\u00a09 de julio<br \/>\n<strong>Caldes de Montbui<\/strong>:\u00a021 de mayo y 15 de octubre<br \/>\n<strong>Castelldefels<\/strong>:\u00a014 de agosto y 7 de diciembre<br \/>\n<strong>Cerdanyola del Vall\u00e8s<\/strong>: 8 de mayo y 13 de noviembre<br \/>\n<strong>Cornell\u00e0 del Llobregat<\/strong>:\u00a021 de mayo y 1 de junio<br \/>\n<strong>Esplugues del Llobregat<\/strong>:\u00a021 de mayo y\u00a021 de septiembre<br \/>\n<strong>Gav\u00e0<\/strong>:\u00a029 junio y 14 diciembre<br \/>\n<strong>Granollers<\/strong>: 11 de mayo y 31 de agosto<br \/>\n<strong>L\u2019Hospitalet Llobregat<\/strong>: 21 de mayo y 24 de septiembre<br \/>\n<strong>Llinars del Vall\u00e8s<\/strong>:\u00a08 y 10 de septiembre<br \/>\n<strong>Martorell<\/strong>:\u00a030 de abril y 16 de agosto<br \/>\n<strong>Matar\u00f3<\/strong>:\u00a021 de mayo y 27 de julio<br \/>\n<strong>Montgat<\/strong>:\u00a023 de abril y 21 de mayo<br \/>\n<strong>Montorn\u00e8s Vall\u00e8s<\/strong>:\u00a017 septiembre y 29 noviembre<br \/>\n<strong>El Prat Llobregat<\/strong>:\u00a021 de mayo y 1 de octubre<br \/>\n<strong>Premia de Dalt<\/strong>: 21 de mayo y\u00a029 de junio<br \/>\n<strong>Premia de Mar<\/strong>:\u00a012 de febrero y 10 julio<br \/>\n<strong>Sabadell<\/strong>:\u00a014 de mayo y 10 septiembre<br \/>\n<strong>Sant Cugat Vall\u00e8s<\/strong>:\u00a03 de marzo y 29 de junio<br \/>\n<strong>Sant Feliu Llobregat<\/strong>:\u00a021 de mayo y 11 de octubre<br \/>\n<strong>Santa Coloma Gramanet<\/strong>:\u00a021 de mayo y 24 de septiembre<br \/>\n<strong>Terrassa<\/strong>:\u00a029 de marzo y 2 de julio<br \/>\n<strong>Vilanova i la Geltr\u00fa<\/strong>:\u00a017 de enero y 12 de febrero<\/p>\n","protected":false},"excerpt":{"rendered":"<p>Seg\u00fan el calendario oficial habr\u00e1 13 d\u00edas festivos comunes en toda Catalu\u00f1a a los cuales los ayuntamientos podr\u00e1n a\u00f1adir dos fiestas locales.<br \/>\nEl calendario oficial de d\u00edas festivos en Barcelona 2018 y fiestas locales en algunas poblaciones de la provincia de Barcelona es el siguiente:<\/p>\n","protected":false},"author":2,"featured_media":0,"comment_status":"open","ping_status":"open","sticky":false,"template":"","format":"standard","meta":{"_joinchat":[],"footnotes":""},"categories":[25],"tags":[],"class_list":["post-821","post","type-post","status-publish","format-standard","hentry","category-calendaris"],"yoast_head":"<!-- This site is optimized with the Yoast SEO plugin v17.9 - https:\/\/yoast.com\/wordpress\/plugins\/seo\/ -->\n<meta name=\"robots\" content=\"index, follow, max-snippet:-1, max-image-preview:large, max-video-preview:-1\" \/>\n<link rel=\"canonical\" href=\"https:\/\/evajor.com\/ca\/calendario-dias-festivos\/\" \/>\n<meta property=\"og:locale\" content=\"ca_ES\" \/>\n<meta property=\"og:type\" content=\"article\" \/>\n<meta property=\"og:title\" content=\"Calendario dias festivos - Evajor - Abogados &amp; Administradores de Fincas en Barcelona\" \/>\n<meta property=\"og:description\" content=\"Seg\u00fan el calendario oficial habr\u00e1 13 d\u00edas festivos comunes en toda Catalu\u00f1a a los cuales los ayuntamientos podr\u00e1n a\u00f1adir dos fiestas locales. El calendario oficial de d\u00edas festivos en Barcelona 2018 y fiestas locales en algunas poblaciones de la provincia de Barcelona es el siguiente:\" \/>\n<meta property=\"og:url\" content=\"https:\/\/evajor.com\/ca\/calendario-dias-festivos\/\" \/>\n<meta property=\"og:site_name\" content=\"Evajor - Abogados &amp; Administradores de Fincas en Barcelona\" \/>\n<meta property=\"article:published_time\" content=\"2018-03-27T09:43:29+00:00\" \/>\n<meta property=\"article:modified_time\" content=\"2018-03-27T09:45:05+00:00\" \/>\n<meta name=\"twitter:card\" content=\"summary_large_image\" \/>\n<meta name=\"twitter:label1\" content=\"Escrit per\" \/>\n\t<meta name=\"twitter:data1\" content=\"Alba Mons\" \/>\n\t<meta name=\"twitter:label2\" content=\"Temps estimat de lectura\" \/>\n\t<meta name=\"twitter:data2\" content=\"2 minuts\" \/>\n<script type=\"application\/ld+json\" class=\"yoast-schema-graph\">{\"@context\":\"https:\/\/schema.org\",\"@graph\":[{\"@type\":\"WebSite\",\"@id\":\"https:\/\/evajor.com\/#website\",\"url\":\"https:\/\/evajor.com\/\",\"name\":\"Evajor - Abogados &amp; Administradores de Fincas en Barcelona\",\"description\":\"En Evajor nacimos con la vocaci\\u00f3n de servicio al cliente y, hoy en d\\u00eda, encontrar soluciones a medida es nuestra mejor carta de presentaci\\u00f3n.\",\"potentialAction\":[{\"@type\":\"SearchAction\",\"target\":{\"@type\":\"EntryPoint\",\"urlTemplate\":\"https:\/\/evajor.com\/?s={search_term_string}\"},\"query-input\":\"required name=search_term_string\"}],\"inLanguage\":\"ca\"},{\"@type\":\"WebPage\",\"@id\":\"https:\/\/evajor.com\/ca\/calendario-dias-festivos\/#webpage\",\"url\":\"https:\/\/evajor.com\/ca\/calendario-dias-festivos\/\",\"name\":\"Calendario dias festivos - Evajor - Abogados &amp; Administradores de Fincas en Barcelona\",\"isPartOf\":{\"@id\":\"https:\/\/evajor.com\/#website\"},\"datePublished\":\"2018-03-27T09:43:29+00:00\",\"dateModified\":\"2018-03-27T09:45:05+00:00\",\"author\":{\"@id\":\"https:\/\/evajor.com\/#\/schema\/person\/b72ffed1f379a94c62e9f838770473df\"},\"breadcrumb\":{\"@id\":\"https:\/\/evajor.com\/ca\/calendario-dias-festivos\/#breadcrumb\"},\"inLanguage\":\"ca\",\"potentialAction\":[{\"@type\":\"ReadAction\",\"target\":[\"https:\/\/evajor.com\/ca\/calendario-dias-festivos\/\"]}]},{\"@type\":\"BreadcrumbList\",\"@id\":\"https:\/\/evajor.com\/ca\/calendario-dias-festivos\/#breadcrumb\",\"itemListElement\":[{\"@type\":\"ListItem\",\"position\":1,\"name\":\"Portada\",\"item\":\"https:\/\/evajor.com\/ca\/\"},{\"@type\":\"ListItem\",\"position\":2,\"name\":\"Calendario dias festivos\"}]},{\"@type\":\"Person\",\"@id\":\"https:\/\/evajor.com\/#\/schema\/person\/b72ffed1f379a94c62e9f838770473df\",\"name\":\"Alba Mons\",\"image\":{\"@type\":\"ImageObject\",\"@id\":\"https:\/\/evajor.com\/#personlogo\",\"inLanguage\":\"ca\",\"url\":\"https:\/\/secure.gravatar.com\/avatar\/550c11f733e12849422a3f13aeb3ce6ea209e92fcb8ccddd0d20dbea11402e42?s=96&d=mm&r=g\",\"contentUrl\":\"https:\/\/secure.gravatar.com\/avatar\/550c11f733e12849422a3f13aeb3ce6ea209e92fcb8ccddd0d20dbea11402e42?s=96&d=mm&r=g\",\"caption\":\"Alba Mons\"},\"url\":\"https:\/\/evajor.com\/ca\/author\/kentucky\/\"}]}<\/script>\n<!-- \/ Yoast SEO plugin. -->","yoast_head_json":{"robots":{"index":"index","follow":"follow","max-snippet":"max-snippet:-1","max-image-preview":"max-image-preview:large","max-video-preview":"max-video-preview:-1"},"canonical":"https:\/\/evajor.com\/ca\/calendario-dias-festivos\/","og_locale":"ca_ES","og_type":"article","og_title":"Calendario dias festivos - Evajor - Abogados &amp; Administradores de Fincas en Barcelona","og_description":"Seg\u00fan el calendario oficial habr\u00e1 13 d\u00edas festivos comunes en toda Catalu\u00f1a a los cuales los ayuntamientos podr\u00e1n a\u00f1adir dos fiestas locales. El calendario oficial de d\u00edas festivos en Barcelona 2018 y fiestas locales en algunas poblaciones de la provincia de Barcelona es el siguiente:","og_url":"https:\/\/evajor.com\/ca\/calendario-dias-festivos\/","og_site_name":"Evajor - Abogados &amp; Administradores de Fincas en Barcelona","article_published_time":"2018-03-27T09:43:29+00:00","article_modified_time":"2018-03-27T09:45:05+00:00","twitter_card":"summary_large_image","twitter_misc":{"Escrit per":"Alba Mons","Temps estimat de lectura":"2 minuts"},"schema":{"@context":"https:\/\/schema.org","@graph":[{"@type":"WebSite","@id":"https:\/\/evajor.com\/#website","url":"https:\/\/evajor.com\/","name":"Evajor - Abogados &amp; Administradores de Fincas en Barcelona","description":"En Evajor nacimos con la vocaci\u00f3n de servicio al cliente y, hoy en d\u00eda, encontrar soluciones a medida es nuestra mejor carta de presentaci\u00f3n.","potentialAction":[{"@type":"SearchAction","target":{"@type":"EntryPoint","urlTemplate":"https:\/\/evajor.com\/?s={search_term_string}"},"query-input":"required name=search_term_string"}],"inLanguage":"ca"},{"@type":"WebPage","@id":"https:\/\/evajor.com\/ca\/calendario-dias-festivos\/#webpage","url":"https:\/\/evajor.com\/ca\/calendario-dias-festivos\/","name":"Calendario dias festivos - Evajor - Abogados &amp; Administradores de Fincas en Barcelona","isPartOf":{"@id":"https:\/\/evajor.com\/#website"},"datePublished":"2018-03-27T09:43:29+00:00","dateModified":"2018-03-27T09:45:05+00:00","author":{"@id":"https:\/\/evajor.com\/#\/schema\/person\/b72ffed1f379a94c62e9f838770473df"},"breadcrumb":{"@id":"https:\/\/evajor.com\/ca\/calendario-dias-festivos\/#breadcrumb"},"inLanguage":"ca","potentialAction":[{"@type":"ReadAction","target":["https:\/\/evajor.com\/ca\/calendario-dias-festivos\/"]}]},{"@type":"BreadcrumbList","@id":"https:\/\/evajor.com\/ca\/calendario-dias-festivos\/#breadcrumb","itemListElement":[{"@type":"ListItem","position":1,"name":"Portada","item":"https:\/\/evajor.com\/ca\/"},{"@type":"ListItem","position":2,"name":"Calendario dias festivos"}]},{"@type":"Person","@id":"https:\/\/evajor.com\/#\/schema\/person\/b72ffed1f379a94c62e9f838770473df","name":"Alba Mons","image":{"@type":"ImageObject","@id":"https:\/\/evajor.com\/#personlogo","inLanguage":"ca","url":"https:\/\/secure.gravatar.com\/avatar\/550c11f733e12849422a3f13aeb3ce6ea209e92fcb8ccddd0d20dbea11402e42?s=96&d=mm&r=g","contentUrl":"https:\/\/secure.gravatar.com\/avatar\/550c11f733e12849422a3f13aeb3ce6ea209e92fcb8ccddd0d20dbea11402e42?s=96&d=mm&r=g","caption":"Alba Mons"},"url":"https:\/\/evajor.com\/ca\/author\/kentucky\/"}]}},"_links":{"self":[{"href":"https:\/\/evajor.com\/ca\/wp-json\/wp\/v2\/posts\/821\/"}],"collection":[{"href":"https:\/\/evajor.com\/ca\/wp-json\/wp\/v2\/posts\/"}],"about":[{"href":"https:\/\/evajor.com\/ca\/wp-json\/wp\/v2\/types\/post\/"}],"author":[{"embeddable":true,"href":"https:\/\/evajor.com\/ca\/wp-json\/wp\/v2\/users\/2\/"}],"replies":[{"embeddable":true,"href":"https:\/\/evajor.com\/ca\/wp-json\/wp\/v2\/comments\/?post=821"}],"version-history":[{"count":0,"href":"https:\/\/evajor.com\/ca\/wp-json\/wp\/v2\/posts\/821\/revisions\/"}],"wp:attachment":[{"href":"https:\/\/evajor.com\/ca\/wp-json\/wp\/v2\/media\/?parent=821"}],"wp:term":[{"taxonomy":"category","embeddable":true,"href":"https:\/\/evajor.com\/ca\/wp-json\/wp\/v2\/categories\/?post=821"},{"taxonomy":"post_tag","embeddable":true,"href":"https:\/\/evajor.com\/ca\/wp-json\/wp\/v2\/tags\/?post=821"}],"curies":[{"name":"wp","href":"https:\/\/api.w.org\/{rel}","templated":true}]}}