{"id":3071,"date":"2021-02-09T19:59:32","date_gmt":"2021-02-09T17:59:32","guid":{"rendered":"https:\/\/evajor.com\/?p=3071"},"modified":"2021-02-09T19:59:32","modified_gmt":"2021-02-09T17:59:32","slug":"noves-mesures-contra-la-covid-19","status":"publish","type":"post","link":"https:\/\/evajor.com\/ca\/noves-mesures-contra-la-covid-19\/","title":{"rendered":"Noves mesures contra la COVID-19"},"content":{"rendered":"<h4>Activitats socials<\/h4>\n<p>Limitaci\u00f3 a 6 persones de, com a m\u00e0xim, dues bombolles de conviv\u00e8ncia.<\/p>\n<p>&nbsp;<\/p>\n<h4>Mobilitat<\/h4>\n<p>Territori de Catalunya: restringida l&#8217;entrada i sortida sense motiu justificat. La mobilitat laboral nom\u00e9s es permet quan no es pot teletreballar.<\/p>\n<p>Comarca: restringida la mobilitat tota la setmana, excepte per motius justificats, com la impossibilitat de teletreballar. Permesa la mobilitat en l&#8217;\u00e0mbit escolar sense pernoctaci\u00f3.<\/p>\n<p>&nbsp;<\/p>\n<h4>Confinament nocturn<\/h4>\n<p>No es pot circular pel carrer des de les 22.00 fins a les 06.00 hs, excepte per causes justificades.<\/p>\n<p>&nbsp;<\/p>\n<h4>Empreses<\/h4>\n<p>S&#8217;ha de fer teletreball, excepte quan no sigui possible. Suspensi\u00f3 de congressos, convencions, fires i activitats assimilables.<\/p>\n<p>&nbsp;<\/p>\n<h4>Hostaleria<\/h4>\n<p>Terrasses: obertes amb una dist\u00e0ncia m\u00ednima senyalitzada de 2 metres entre comensals de taules o agrupacions de taules diferents. Limitaci\u00f3 de 4 comensals per taula o agrupacions de taula, excepte que es tracti de grups bombolla. De 07.30 a 10.30 hs i de 13.00 a 16.30 hs. Resta d&#8217;horari per a recollida en establiment o lliurament a domicili.<\/p>\n<p>Interiors: oberts amb el 30% de l&#8217;aforament, amb bona ventilaci\u00f3 natural o for\u00e7ada i amb una dist\u00e0ncia m\u00ednima de 2 metres entre comensals de taules o agrupacions de taules diferents. Limitaci\u00f3 de 4 comensals per taula o agrupacions de taula, excepte que es tracti de grups bombolla. De 07.30 a 10.30 hs i de 13.00 a 16.30 hs. Resta d&#8217;horari per a recollida en establiment o lliurament a domicili.<\/p>\n<p>&nbsp;<\/p>\n<h4>Activitats culturals<\/h4>\n<p>Oberts : cinemes, teatres, auditoris i sales de concerts, amb un 50% de l&#8217;aforament i un m\u00e0xim de 500 persones, o de 1.000 si la ventilaci\u00f3 \u00e9s \u00f2ptima. Tamb\u00e9 oberts museus, biblioteques i sales d&#8217;exposici\u00f3 el 50% de l&#8217;aforament.<\/p>\n<p>&nbsp;<\/p>\n<h4>Comer\u00e7 i centres comercials<\/h4>\n<p>30% de l&#8217;aforament en petit comer\u00e7 i centres comercials de menys de 400 m\u00b2 i mercats no sedentaris. Caps de setmana tancats, excepte establiments dedicats a la venda de productes i serveis essencials. Suspensi\u00f3 de l&#8217;obertura de centres i recintes comercials i d&#8217;establiments i centres comercials amb superf\u00edcie de venda major de 400 m\u00b2, excepte establiments que venen productes de primera necessitat i llibreries.<\/p>\n<p>&nbsp;<\/p>\n<h4>Esport<\/h4>\n<p>Instal\u00b7lacions i equipaments esportius a l&#8217;aire lliure: Obertes amb un aforament m\u00e0xim del 50%, control d&#8217;acc\u00e9s i un m\u00e0xim de 6 persones.<\/p>\n<p>Instal\u00b7lacions i equipaments d&#8217;interior: Aforament del 30%, limitaci\u00f3 a 6 persones i \u00fas de mascareta en activitats grupals.<br \/>\nRepresa de les competicions que donen acc\u00e9s a categories estatals.<\/p>\n<p>&nbsp;<\/p>\n<h4>Activitats recreatives<\/h4>\n<p>Oberts: parcs infantils fins a les 20 hs, amb un aforament del 50%.<\/p>\n<p>Tancats: espais infantils l\u00fadics interiors, festes majors, bingos, casinos i sales de joc.<\/p>\n<p>&nbsp;<\/p>\n<h4>Universitats i escoles<\/h4>\n<p>Universitats: doc\u00e8ncia te\u00f2rica en format virtual, excepte el primer curs.<\/p>\n<p>Batxillerat, cicles formatius i ensenyaments de r\u00e8gim general reglats, incloses escoles de m\u00fasica i dansa autoritzades: reducci\u00f3 de l&#8217;activitat presencial.<\/p>\n<p>ESO, prim\u00e0ria i infantil: presencialitat plena.<\/p>\n<p>Activitats extraescolars: obertes les activitats extraescolars i esportives que es realitzin en els centres educatius amb els grups estables de conviv\u00e8ncia de les activitats lectives.<\/p>\n","protected":false},"excerpt":{"rendered":"<p>Activitats socials Limitaci\u00f3 a 6 persones de, com a m\u00e0xim, dues bombolles de conviv\u00e8ncia. &nbsp; Mobilitat Territori de Catalunya: restringida l&#8217;entrada i sortida sense motiu justificat. La mobilitat laboral nom\u00e9s es permet quan no es pot teletreballar. Comarca: restringida la mobilitat tota la setmana, excepte per motius justificats, com la impossibilitat de teletreballar. Permesa la mobilitat en l&#8217;\u00e0mbit escolar sense pernoctaci\u00f3. &nbsp; Confinament nocturn &#8230;<\/p>\n","protected":false},"author":11,"featured_media":3072,"comment_status":"open","ping_status":"open","sticky":false,"template":"","format":"standard","meta":{"_joinchat":[],"footnotes":""},"categories":[65,55],"tags":[],"class_list":["post-3071","post","type-post","status-publish","format-standard","has-post-thumbnail","hentry","category-noticias-ca","category-noticies"],"yoast_head":"<!-- This site is optimized with the Yoast SEO plugin v17.9 - https:\/\/yoast.com\/wordpress\/plugins\/seo\/ -->\n<meta name=\"robots\" content=\"index, follow, max-snippet:-1, max-image-preview:large, max-video-preview:-1\" \/>\n<link rel=\"canonical\" href=\"https:\/\/evajor.com\/ca\/noves-mesures-contra-la-covid-19\/\" \/>\n<meta property=\"og:locale\" content=\"ca_ES\" \/>\n<meta property=\"og:type\" content=\"article\" \/>\n<meta property=\"og:title\" content=\"Noves mesures contra la COVID-19 - Evajor - Abogados &amp; Administradores de Fincas en Barcelona\" \/>\n<meta property=\"og:description\" content=\"Activitats socials Limitaci\u00f3 a 6 persones de, com a m\u00e0xim, dues bombolles de conviv\u00e8ncia. &nbsp; Mobilitat Territori de Catalunya: restringida l&#8217;entrada i sortida sense motiu justificat. La mobilitat laboral nom\u00e9s es permet quan no es pot teletreballar. Comarca: restringida la mobilitat tota la setmana, excepte per motius justificats, com la impossibilitat de teletreballar. Permesa la mobilitat en l&#8217;\u00e0mbit escolar sense pernoctaci\u00f3. &nbsp; Confinament nocturn ...\" \/>\n<meta property=\"og:url\" content=\"https:\/\/evajor.com\/ca\/noves-mesures-contra-la-covid-19\/\" \/>\n<meta property=\"og:site_name\" content=\"Evajor - Abogados &amp; Administradores de Fincas en Barcelona\" \/>\n<meta property=\"article:published_time\" content=\"2021-02-09T17:59:32+00:00\" \/>\n<meta property=\"og:image\" content=\"https:\/\/evajor.com\/wp-content\/uploads\/2021\/02\/CAT_NOVES-MESURES.png\" \/>\n\t<meta property=\"og:image:width\" content=\"1350\" \/>\n\t<meta property=\"og:image:height\" content=\"650\" \/>\n\t<meta property=\"og:image:type\" content=\"image\/png\" \/>\n<meta name=\"twitter:card\" content=\"summary_large_image\" \/>\n<meta name=\"twitter:label1\" content=\"Escrit per\" \/>\n\t<meta name=\"twitter:data1\" content=\"Andrea\" \/>\n\t<meta name=\"twitter:label2\" content=\"Temps estimat de lectura\" \/>\n\t<meta name=\"twitter:data2\" content=\"3 minuts\" \/>\n<script type=\"application\/ld+json\" class=\"yoast-schema-graph\">{\"@context\":\"https:\/\/schema.org\",\"@graph\":[{\"@type\":\"WebSite\",\"@id\":\"https:\/\/evajor.com\/#website\",\"url\":\"https:\/\/evajor.com\/\",\"name\":\"Evajor - Abogados &amp; Administradores de Fincas en Barcelona\",\"description\":\"En Evajor nacimos con la vocaci\\u00f3n de servicio al cliente y, hoy en d\\u00eda, encontrar soluciones a medida es nuestra mejor carta de presentaci\\u00f3n.\",\"potentialAction\":[{\"@type\":\"SearchAction\",\"target\":{\"@type\":\"EntryPoint\",\"urlTemplate\":\"https:\/\/evajor.com\/?s={search_term_string}\"},\"query-input\":\"required name=search_term_string\"}],\"inLanguage\":\"ca\"},{\"@type\":\"ImageObject\",\"@id\":\"https:\/\/evajor.com\/ca\/noves-mesures-contra-la-covid-19\/#primaryimage\",\"inLanguage\":\"ca\",\"url\":\"https:\/\/evajor.com\/wp-content\/uploads\/2021\/02\/CAT_NOVES-MESURES.png\",\"contentUrl\":\"https:\/\/evajor.com\/wp-content\/uploads\/2021\/02\/CAT_NOVES-MESURES.png\",\"width\":1350,\"height\":650},{\"@type\":\"WebPage\",\"@id\":\"https:\/\/evajor.com\/ca\/noves-mesures-contra-la-covid-19\/#webpage\",\"url\":\"https:\/\/evajor.com\/ca\/noves-mesures-contra-la-covid-19\/\",\"name\":\"Noves mesures contra la COVID-19 - Evajor - Abogados &amp; Administradores de Fincas en Barcelona\",\"isPartOf\":{\"@id\":\"https:\/\/evajor.com\/#website\"},\"primaryImageOfPage\":{\"@id\":\"https:\/\/evajor.com\/ca\/noves-mesures-contra-la-covid-19\/#primaryimage\"},\"datePublished\":\"2021-02-09T17:59:32+00:00\",\"dateModified\":\"2021-02-09T17:59:32+00:00\",\"author\":{\"@id\":\"https:\/\/evajor.com\/#\/schema\/person\/c1de3fb09c9ababd2c64d84a7b3d2b82\"},\"breadcrumb\":{\"@id\":\"https:\/\/evajor.com\/ca\/noves-mesures-contra-la-covid-19\/#breadcrumb\"},\"inLanguage\":\"ca\",\"potentialAction\":[{\"@type\":\"ReadAction\",\"target\":[\"https:\/\/evajor.com\/ca\/noves-mesures-contra-la-covid-19\/\"]}]},{\"@type\":\"BreadcrumbList\",\"@id\":\"https:\/\/evajor.com\/ca\/noves-mesures-contra-la-covid-19\/#breadcrumb\",\"itemListElement\":[{\"@type\":\"ListItem\",\"position\":1,\"name\":\"Portada\",\"item\":\"https:\/\/evajor.com\/ca\/\"},{\"@type\":\"ListItem\",\"position\":2,\"name\":\"Noves mesures contra la COVID-19\"}]},{\"@type\":\"Person\",\"@id\":\"https:\/\/evajor.com\/#\/schema\/person\/c1de3fb09c9ababd2c64d84a7b3d2b82\",\"name\":\"Andrea\",\"image\":{\"@type\":\"ImageObject\",\"@id\":\"https:\/\/evajor.com\/#personlogo\",\"inLanguage\":\"ca\",\"url\":\"https:\/\/secure.gravatar.com\/avatar\/00e11f247ed0b269e14c76df0621d49dfbf679985745847a28d30a1d26919597?s=96&d=mm&r=g\",\"contentUrl\":\"https:\/\/secure.gravatar.com\/avatar\/00e11f247ed0b269e14c76df0621d49dfbf679985745847a28d30a1d26919597?s=96&d=mm&r=g\",\"caption\":\"Andrea\"},\"url\":\"https:\/\/evajor.com\/ca\/author\/andrea\/\"}]}<\/script>\n<!-- \/ Yoast SEO plugin. -->","yoast_head_json":{"robots":{"index":"index","follow":"follow","max-snippet":"max-snippet:-1","max-image-preview":"max-image-preview:large","max-video-preview":"max-video-preview:-1"},"canonical":"https:\/\/evajor.com\/ca\/noves-mesures-contra-la-covid-19\/","og_locale":"ca_ES","og_type":"article","og_title":"Noves mesures contra la COVID-19 - Evajor - Abogados &amp; Administradores de Fincas en Barcelona","og_description":"Activitats socials Limitaci\u00f3 a 6 persones de, com a m\u00e0xim, dues bombolles de conviv\u00e8ncia. &nbsp; Mobilitat Territori de Catalunya: restringida l&#8217;entrada i sortida sense motiu justificat. La mobilitat laboral nom\u00e9s es permet quan no es pot teletreballar. Comarca: restringida la mobilitat tota la setmana, excepte per motius justificats, com la impossibilitat de teletreballar. Permesa la mobilitat en l&#8217;\u00e0mbit escolar sense pernoctaci\u00f3. &nbsp; Confinament nocturn ...","og_url":"https:\/\/evajor.com\/ca\/noves-mesures-contra-la-covid-19\/","og_site_name":"Evajor - Abogados &amp; Administradores de Fincas en Barcelona","article_published_time":"2021-02-09T17:59:32+00:00","og_image":[{"width":1350,"height":650,"url":"https:\/\/evajor.com\/wp-content\/uploads\/2021\/02\/CAT_NOVES-MESURES.png","type":"image\/png"}],"twitter_card":"summary_large_image","twitter_misc":{"Escrit per":"Andrea","Temps estimat de lectura":"3 minuts"},"schema":{"@context":"https:\/\/schema.org","@graph":[{"@type":"WebSite","@id":"https:\/\/evajor.com\/#website","url":"https:\/\/evajor.com\/","name":"Evajor - Abogados &amp; Administradores de Fincas en Barcelona","description":"En Evajor nacimos con la vocaci\u00f3n de servicio al cliente y, hoy en d\u00eda, encontrar soluciones a medida es nuestra mejor carta de presentaci\u00f3n.","potentialAction":[{"@type":"SearchAction","target":{"@type":"EntryPoint","urlTemplate":"https:\/\/evajor.com\/?s={search_term_string}"},"query-input":"required name=search_term_string"}],"inLanguage":"ca"},{"@type":"ImageObject","@id":"https:\/\/evajor.com\/ca\/noves-mesures-contra-la-covid-19\/#primaryimage","inLanguage":"ca","url":"https:\/\/evajor.com\/wp-content\/uploads\/2021\/02\/CAT_NOVES-MESURES.png","contentUrl":"https:\/\/evajor.com\/wp-content\/uploads\/2021\/02\/CAT_NOVES-MESURES.png","width":1350,"height":650},{"@type":"WebPage","@id":"https:\/\/evajor.com\/ca\/noves-mesures-contra-la-covid-19\/#webpage","url":"https:\/\/evajor.com\/ca\/noves-mesures-contra-la-covid-19\/","name":"Noves mesures contra la COVID-19 - Evajor - Abogados &amp; Administradores de Fincas en Barcelona","isPartOf":{"@id":"https:\/\/evajor.com\/#website"},"primaryImageOfPage":{"@id":"https:\/\/evajor.com\/ca\/noves-mesures-contra-la-covid-19\/#primaryimage"},"datePublished":"2021-02-09T17:59:32+00:00","dateModified":"2021-02-09T17:59:32+00:00","author":{"@id":"https:\/\/evajor.com\/#\/schema\/person\/c1de3fb09c9ababd2c64d84a7b3d2b82"},"breadcrumb":{"@id":"https:\/\/evajor.com\/ca\/noves-mesures-contra-la-covid-19\/#breadcrumb"},"inLanguage":"ca","potentialAction":[{"@type":"ReadAction","target":["https:\/\/evajor.com\/ca\/noves-mesures-contra-la-covid-19\/"]}]},{"@type":"BreadcrumbList","@id":"https:\/\/evajor.com\/ca\/noves-mesures-contra-la-covid-19\/#breadcrumb","itemListElement":[{"@type":"ListItem","position":1,"name":"Portada","item":"https:\/\/evajor.com\/ca\/"},{"@type":"ListItem","position":2,"name":"Noves mesures contra la COVID-19"}]},{"@type":"Person","@id":"https:\/\/evajor.com\/#\/schema\/person\/c1de3fb09c9ababd2c64d84a7b3d2b82","name":"Andrea","image":{"@type":"ImageObject","@id":"https:\/\/evajor.com\/#personlogo","inLanguage":"ca","url":"https:\/\/secure.gravatar.com\/avatar\/00e11f247ed0b269e14c76df0621d49dfbf679985745847a28d30a1d26919597?s=96&d=mm&r=g","contentUrl":"https:\/\/secure.gravatar.com\/avatar\/00e11f247ed0b269e14c76df0621d49dfbf679985745847a28d30a1d26919597?s=96&d=mm&r=g","caption":"Andrea"},"url":"https:\/\/evajor.com\/ca\/author\/andrea\/"}]}},"_links":{"self":[{"href":"https:\/\/evajor.com\/ca\/wp-json\/wp\/v2\/posts\/3071\/"}],"collection":[{"href":"https:\/\/evajor.com\/ca\/wp-json\/wp\/v2\/posts\/"}],"about":[{"href":"https:\/\/evajor.com\/ca\/wp-json\/wp\/v2\/types\/post\/"}],"author":[{"embeddable":true,"href":"https:\/\/evajor.com\/ca\/wp-json\/wp\/v2\/users\/11\/"}],"replies":[{"embeddable":true,"href":"https:\/\/evajor.com\/ca\/wp-json\/wp\/v2\/comments\/?post=3071"}],"version-history":[{"count":2,"href":"https:\/\/evajor.com\/ca\/wp-json\/wp\/v2\/posts\/3071\/revisions\/"}],"predecessor-version":[{"id":3076,"href":"https:\/\/evajor.com\/ca\/wp-json\/wp\/v2\/posts\/3071\/revisions\/3076\/"}],"wp:featuredmedia":[{"embeddable":true,"href":"https:\/\/evajor.com\/ca\/wp-json\/wp\/v2\/media\/3072\/"}],"wp:attachment":[{"href":"https:\/\/evajor.com\/ca\/wp-json\/wp\/v2\/media\/?parent=3071"}],"wp:term":[{"taxonomy":"category","embeddable":true,"href":"https:\/\/evajor.com\/ca\/wp-json\/wp\/v2\/categories\/?post=3071"},{"taxonomy":"post_tag","embeddable":true,"href":"https:\/\/evajor.com\/ca\/wp-json\/wp\/v2\/tags\/?post=3071"}],"curies":[{"name":"wp","href":"https:\/\/api.w.org\/{rel}","templated":true}]}}