{"id":2894,"date":"2020-11-27T14:42:19","date_gmt":"2020-11-27T12:42:19","guid":{"rendered":"https:\/\/evajor.com\/?p=2894"},"modified":"2020-11-27T18:08:34","modified_gmt":"2020-11-27T16:08:34","slug":"informacio-dinteres-per-a-autonoms","status":"publish","type":"post","link":"https:\/\/evajor.com\/ca\/informacio-dinteres-per-a-autonoms\/","title":{"rendered":"Informaci\u00f3 d&#8217;inter\u00e8s per a aut\u00f2noms"},"content":{"rendered":"<ul>\n<li>\n<h4><span style=\"color: #333333;\">Emissi\u00f3 de la <strong>quota complement\u00e0ria<\/strong> del mes de setembre corresponent a l&#8217;increment dels tipus de cotitzaci\u00f3 aplicat per a treballadors aut\u00f2noms inclosos en el r\u00e8gim especial de treballadors per compte propi o aut\u00f2noms i en el r\u00e8gim especial de la seguretat social dels treballadors de la mar.<\/span><\/h4>\n<p><span style=\"color: #333333;\">L&#8217;augment dels tipus de cotitzaci\u00f3 aplicables als treballadors aut\u00f2noms previst per a l&#8217;exercici 2020 en la disposici\u00f3 transit\u00f2ria segona del Reial decret llei 28\/2018, de 28 de desembre, es va fer ja efectiu el mes d&#8217;octubre passat tal com es va comunicar en el seu moment.<\/span><br \/>\n<span style=\"color: #333333;\">Quant a la regularitzaci\u00f3 dels per\u00edodes anteriors, s&#8217;informa que en <strong>aquest mes de novembre es procedir\u00e0 a regularitzar la quota del mes de setembre.<\/strong> De manera que juntament amb la quota corresponent al per\u00edode de liquidaci\u00f3 de novembre, es procedir\u00e0 al c\u00e0rrec en compte de la complement\u00e0ria d&#8217;aquest mes de setembre\/2020, l&#8217;import del qual variar\u00e0 des de 2,84 euros, en els sup\u00f2sits en qu\u00e8 la base de cotitzaci\u00f3 del treballador sigui la m\u00ednima que amb car\u00e0cter general est\u00e0 prevista per al R\u00e8gim Especial de Treballadors Aut\u00f2noms, fins a 12,21 euros, en els sup\u00f2sits en qu\u00e8 el treballador cotitzi per la base m\u00e0xima.<\/span><br \/>\n<span style=\"color: #333333;\">Pr\u00f2ximament es comunicar\u00e0 el per\u00edode de liquidaci\u00f3 en el qual es realitzi la regularitzaci\u00f3 de la resta de per\u00edodes de liquidaci\u00f3 que queden pendents (gener a agost de 2020).<\/span><\/li>\n<\/ul>\n<p>&nbsp;<\/p>\n<ul>\n<li>\n<h4><span style=\"color: #333333;\">Emissi\u00f3 de la <strong>quota del mes de maig de 2020<\/strong> als treballadors del R\u00e8gim Especial de Treballadors Aut\u00f2noms que tinguessin concedida la <strong>morat\u00f2ria<\/strong> prevista en l&#8217;RD-llei 11\/2020.<\/span><\/h4>\n<p><span style=\"color: #333333;\">De conformitat amb el que s&#8217;estableix en el Reial decret llei 11\/2020, en el present mes de novembre de 2020 es procedir\u00e0 a carregar en compte la quota del mes de maig de 2020 a aquells treballadors del R\u00e8gim Especial de Treballadors Aut\u00f2noms als quals els va ser concedida la morat\u00f2ria de les quotes corresponent a aquest mes de maig.<\/span><br \/>\n<span style=\"color: #333333;\">En els mesos de desembre de 2020 i gener de 2021, es procedir\u00e0 a realitzar id\u00e8ntica actuaci\u00f3, respecte de les <strong>quotes de juny i juliol de 2020<\/strong>, respectivament, a aquells treballadors aut\u00f2noms als quals els va ser concedida la morat\u00f2ria per aquests mesos.<\/span><\/li>\n<\/ul>\n","protected":false},"excerpt":{"rendered":"<p>Emissi\u00f3 de la quota complement\u00e0ria del mes de setembre corresponent a l&#8217;increment dels tipus de cotitzaci\u00f3 aplicat per a treballadors aut\u00f2noms inclosos en el r\u00e8gim especial de treballadors per compte propi o aut\u00f2noms i en el r\u00e8gim especial de la seguretat social dels treballadors de la mar. L&#8217;augment dels tipus de cotitzaci\u00f3 aplicables als treballadors aut\u00f2noms previst per a l&#8217;exercici 2020 en la disposici\u00f3 &#8230;<\/p>\n","protected":false},"author":11,"featured_media":2898,"comment_status":"open","ping_status":"open","sticky":false,"template":"","format":"standard","meta":{"_joinchat":[],"footnotes":""},"categories":[55],"tags":[],"class_list":["post-2894","post","type-post","status-publish","format-standard","has-post-thumbnail","hentry","category-noticies"],"yoast_head":"<!-- This site is optimized with the Yoast SEO plugin v17.9 - https:\/\/yoast.com\/wordpress\/plugins\/seo\/ -->\n<meta name=\"robots\" content=\"index, follow, max-snippet:-1, max-image-preview:large, max-video-preview:-1\" \/>\n<link rel=\"canonical\" href=\"https:\/\/evajor.com\/ca\/informacio-dinteres-per-a-autonoms\/\" \/>\n<meta property=\"og:locale\" content=\"ca_ES\" \/>\n<meta property=\"og:type\" content=\"article\" \/>\n<meta property=\"og:title\" content=\"Informaci\u00f3 d&#039;inter\u00e8s per a aut\u00f2noms - Evajor - Abogados &amp; Administradores de Fincas en Barcelona\" \/>\n<meta property=\"og:description\" content=\"Emissi\u00f3 de la quota complement\u00e0ria del mes de setembre corresponent a l&#8217;increment dels tipus de cotitzaci\u00f3 aplicat per a treballadors aut\u00f2noms inclosos en el r\u00e8gim especial de treballadors per compte propi o aut\u00f2noms i en el r\u00e8gim especial de la seguretat social dels treballadors de la mar. L&#8217;augment dels tipus de cotitzaci\u00f3 aplicables als treballadors aut\u00f2noms previst per a l&#8217;exercici 2020 en la disposici\u00f3 ...\" \/>\n<meta property=\"og:url\" content=\"https:\/\/evajor.com\/ca\/informacio-dinteres-per-a-autonoms\/\" \/>\n<meta property=\"og:site_name\" content=\"Evajor - Abogados &amp; Administradores de Fincas en Barcelona\" \/>\n<meta property=\"article:published_time\" content=\"2020-11-27T12:42:19+00:00\" \/>\n<meta property=\"article:modified_time\" content=\"2020-11-27T16:08:34+00:00\" \/>\n<meta property=\"og:image\" content=\"https:\/\/evajor.com\/wp-content\/uploads\/2020\/11\/Autonomos_CAT_1.png\" \/>\n\t<meta property=\"og:image:width\" content=\"849\" \/>\n\t<meta property=\"og:image:height\" content=\"409\" \/>\n\t<meta property=\"og:image:type\" content=\"image\/png\" \/>\n<meta name=\"twitter:card\" content=\"summary_large_image\" \/>\n<meta name=\"twitter:label1\" content=\"Escrit per\" \/>\n\t<meta name=\"twitter:data1\" content=\"Andrea\" \/>\n\t<meta name=\"twitter:label2\" content=\"Temps estimat de lectura\" \/>\n\t<meta name=\"twitter:data2\" content=\"2 minuts\" \/>\n<script type=\"application\/ld+json\" class=\"yoast-schema-graph\">{\"@context\":\"https:\/\/schema.org\",\"@graph\":[{\"@type\":\"WebSite\",\"@id\":\"https:\/\/evajor.com\/#website\",\"url\":\"https:\/\/evajor.com\/\",\"name\":\"Evajor - Abogados &amp; Administradores de Fincas en Barcelona\",\"description\":\"En Evajor nacimos con la vocaci\\u00f3n de servicio al cliente y, hoy en d\\u00eda, encontrar soluciones a medida es nuestra mejor carta de presentaci\\u00f3n.\",\"potentialAction\":[{\"@type\":\"SearchAction\",\"target\":{\"@type\":\"EntryPoint\",\"urlTemplate\":\"https:\/\/evajor.com\/?s={search_term_string}\"},\"query-input\":\"required name=search_term_string\"}],\"inLanguage\":\"ca\"},{\"@type\":\"ImageObject\",\"@id\":\"https:\/\/evajor.com\/ca\/informacio-dinteres-per-a-autonoms\/#primaryimage\",\"inLanguage\":\"ca\",\"url\":\"https:\/\/evajor.com\/wp-content\/uploads\/2020\/11\/Autonomos_CAT_1.png\",\"contentUrl\":\"https:\/\/evajor.com\/wp-content\/uploads\/2020\/11\/Autonomos_CAT_1.png\",\"width\":849,\"height\":409},{\"@type\":\"WebPage\",\"@id\":\"https:\/\/evajor.com\/ca\/informacio-dinteres-per-a-autonoms\/#webpage\",\"url\":\"https:\/\/evajor.com\/ca\/informacio-dinteres-per-a-autonoms\/\",\"name\":\"Informaci\\u00f3 d'inter\\u00e8s per a aut\\u00f2noms - Evajor - Abogados &amp; Administradores de Fincas en Barcelona\",\"isPartOf\":{\"@id\":\"https:\/\/evajor.com\/#website\"},\"primaryImageOfPage\":{\"@id\":\"https:\/\/evajor.com\/ca\/informacio-dinteres-per-a-autonoms\/#primaryimage\"},\"datePublished\":\"2020-11-27T12:42:19+00:00\",\"dateModified\":\"2020-11-27T16:08:34+00:00\",\"author\":{\"@id\":\"https:\/\/evajor.com\/#\/schema\/person\/c1de3fb09c9ababd2c64d84a7b3d2b82\"},\"breadcrumb\":{\"@id\":\"https:\/\/evajor.com\/ca\/informacio-dinteres-per-a-autonoms\/#breadcrumb\"},\"inLanguage\":\"ca\",\"potentialAction\":[{\"@type\":\"ReadAction\",\"target\":[\"https:\/\/evajor.com\/ca\/informacio-dinteres-per-a-autonoms\/\"]}]},{\"@type\":\"BreadcrumbList\",\"@id\":\"https:\/\/evajor.com\/ca\/informacio-dinteres-per-a-autonoms\/#breadcrumb\",\"itemListElement\":[{\"@type\":\"ListItem\",\"position\":1,\"name\":\"Portada\",\"item\":\"https:\/\/evajor.com\/ca\/\"},{\"@type\":\"ListItem\",\"position\":2,\"name\":\"Informaci\\u00f3 d&#8217;inter\\u00e8s per a aut\\u00f2noms\"}]},{\"@type\":\"Person\",\"@id\":\"https:\/\/evajor.com\/#\/schema\/person\/c1de3fb09c9ababd2c64d84a7b3d2b82\",\"name\":\"Andrea\",\"image\":{\"@type\":\"ImageObject\",\"@id\":\"https:\/\/evajor.com\/#personlogo\",\"inLanguage\":\"ca\",\"url\":\"https:\/\/secure.gravatar.com\/avatar\/00e11f247ed0b269e14c76df0621d49dfbf679985745847a28d30a1d26919597?s=96&d=mm&r=g\",\"contentUrl\":\"https:\/\/secure.gravatar.com\/avatar\/00e11f247ed0b269e14c76df0621d49dfbf679985745847a28d30a1d26919597?s=96&d=mm&r=g\",\"caption\":\"Andrea\"},\"url\":\"https:\/\/evajor.com\/ca\/author\/andrea\/\"}]}<\/script>\n<!-- \/ Yoast SEO plugin. -->","yoast_head_json":{"robots":{"index":"index","follow":"follow","max-snippet":"max-snippet:-1","max-image-preview":"max-image-preview:large","max-video-preview":"max-video-preview:-1"},"canonical":"https:\/\/evajor.com\/ca\/informacio-dinteres-per-a-autonoms\/","og_locale":"ca_ES","og_type":"article","og_title":"Informaci\u00f3 d'inter\u00e8s per a aut\u00f2noms - Evajor - Abogados &amp; Administradores de Fincas en Barcelona","og_description":"Emissi\u00f3 de la quota complement\u00e0ria del mes de setembre corresponent a l&#8217;increment dels tipus de cotitzaci\u00f3 aplicat per a treballadors aut\u00f2noms inclosos en el r\u00e8gim especial de treballadors per compte propi o aut\u00f2noms i en el r\u00e8gim especial de la seguretat social dels treballadors de la mar. L&#8217;augment dels tipus de cotitzaci\u00f3 aplicables als treballadors aut\u00f2noms previst per a l&#8217;exercici 2020 en la disposici\u00f3 ...","og_url":"https:\/\/evajor.com\/ca\/informacio-dinteres-per-a-autonoms\/","og_site_name":"Evajor - Abogados &amp; Administradores de Fincas en Barcelona","article_published_time":"2020-11-27T12:42:19+00:00","article_modified_time":"2020-11-27T16:08:34+00:00","og_image":[{"width":849,"height":409,"url":"https:\/\/evajor.com\/wp-content\/uploads\/2020\/11\/Autonomos_CAT_1.png","type":"image\/png"}],"twitter_card":"summary_large_image","twitter_misc":{"Escrit per":"Andrea","Temps estimat de lectura":"2 minuts"},"schema":{"@context":"https:\/\/schema.org","@graph":[{"@type":"WebSite","@id":"https:\/\/evajor.com\/#website","url":"https:\/\/evajor.com\/","name":"Evajor - Abogados &amp; Administradores de Fincas en Barcelona","description":"En Evajor nacimos con la vocaci\u00f3n de servicio al cliente y, hoy en d\u00eda, encontrar soluciones a medida es nuestra mejor carta de presentaci\u00f3n.","potentialAction":[{"@type":"SearchAction","target":{"@type":"EntryPoint","urlTemplate":"https:\/\/evajor.com\/?s={search_term_string}"},"query-input":"required name=search_term_string"}],"inLanguage":"ca"},{"@type":"ImageObject","@id":"https:\/\/evajor.com\/ca\/informacio-dinteres-per-a-autonoms\/#primaryimage","inLanguage":"ca","url":"https:\/\/evajor.com\/wp-content\/uploads\/2020\/11\/Autonomos_CAT_1.png","contentUrl":"https:\/\/evajor.com\/wp-content\/uploads\/2020\/11\/Autonomos_CAT_1.png","width":849,"height":409},{"@type":"WebPage","@id":"https:\/\/evajor.com\/ca\/informacio-dinteres-per-a-autonoms\/#webpage","url":"https:\/\/evajor.com\/ca\/informacio-dinteres-per-a-autonoms\/","name":"Informaci\u00f3 d'inter\u00e8s per a aut\u00f2noms - Evajor - Abogados &amp; Administradores de Fincas en Barcelona","isPartOf":{"@id":"https:\/\/evajor.com\/#website"},"primaryImageOfPage":{"@id":"https:\/\/evajor.com\/ca\/informacio-dinteres-per-a-autonoms\/#primaryimage"},"datePublished":"2020-11-27T12:42:19+00:00","dateModified":"2020-11-27T16:08:34+00:00","author":{"@id":"https:\/\/evajor.com\/#\/schema\/person\/c1de3fb09c9ababd2c64d84a7b3d2b82"},"breadcrumb":{"@id":"https:\/\/evajor.com\/ca\/informacio-dinteres-per-a-autonoms\/#breadcrumb"},"inLanguage":"ca","potentialAction":[{"@type":"ReadAction","target":["https:\/\/evajor.com\/ca\/informacio-dinteres-per-a-autonoms\/"]}]},{"@type":"BreadcrumbList","@id":"https:\/\/evajor.com\/ca\/informacio-dinteres-per-a-autonoms\/#breadcrumb","itemListElement":[{"@type":"ListItem","position":1,"name":"Portada","item":"https:\/\/evajor.com\/ca\/"},{"@type":"ListItem","position":2,"name":"Informaci\u00f3 d&#8217;inter\u00e8s per a aut\u00f2noms"}]},{"@type":"Person","@id":"https:\/\/evajor.com\/#\/schema\/person\/c1de3fb09c9ababd2c64d84a7b3d2b82","name":"Andrea","image":{"@type":"ImageObject","@id":"https:\/\/evajor.com\/#personlogo","inLanguage":"ca","url":"https:\/\/secure.gravatar.com\/avatar\/00e11f247ed0b269e14c76df0621d49dfbf679985745847a28d30a1d26919597?s=96&d=mm&r=g","contentUrl":"https:\/\/secure.gravatar.com\/avatar\/00e11f247ed0b269e14c76df0621d49dfbf679985745847a28d30a1d26919597?s=96&d=mm&r=g","caption":"Andrea"},"url":"https:\/\/evajor.com\/ca\/author\/andrea\/"}]}},"_links":{"self":[{"href":"https:\/\/evajor.com\/ca\/wp-json\/wp\/v2\/posts\/2894\/"}],"collection":[{"href":"https:\/\/evajor.com\/ca\/wp-json\/wp\/v2\/posts\/"}],"about":[{"href":"https:\/\/evajor.com\/ca\/wp-json\/wp\/v2\/types\/post\/"}],"author":[{"embeddable":true,"href":"https:\/\/evajor.com\/ca\/wp-json\/wp\/v2\/users\/11\/"}],"replies":[{"embeddable":true,"href":"https:\/\/evajor.com\/ca\/wp-json\/wp\/v2\/comments\/?post=2894"}],"version-history":[{"count":6,"href":"https:\/\/evajor.com\/ca\/wp-json\/wp\/v2\/posts\/2894\/revisions\/"}],"predecessor-version":[{"id":2932,"href":"https:\/\/evajor.com\/ca\/wp-json\/wp\/v2\/posts\/2894\/revisions\/2932\/"}],"wp:featuredmedia":[{"embeddable":true,"href":"https:\/\/evajor.com\/ca\/wp-json\/wp\/v2\/media\/2898\/"}],"wp:attachment":[{"href":"https:\/\/evajor.com\/ca\/wp-json\/wp\/v2\/media\/?parent=2894"}],"wp:term":[{"taxonomy":"category","embeddable":true,"href":"https:\/\/evajor.com\/ca\/wp-json\/wp\/v2\/categories\/?post=2894"},{"taxonomy":"post_tag","embeddable":true,"href":"https:\/\/evajor.com\/ca\/wp-json\/wp\/v2\/tags\/?post=2894"}],"curies":[{"name":"wp","href":"https:\/\/api.w.org\/{rel}","templated":true}]}}