{"id":2841,"date":"2020-11-11T13:26:33","date_gmt":"2020-11-11T11:26:33","guid":{"rendered":"https:\/\/evajor.com\/?p=2841"},"modified":"2020-11-12T18:15:21","modified_gmt":"2020-11-12T16:15:21","slug":"comunitats-de-propietaris-mesures-de-seguretat","status":"publish","type":"post","link":"https:\/\/evajor.com\/ca\/comunitats-de-propietaris-mesures-de-seguretat\/","title":{"rendered":"Comunitats de propietaris: mesures de seguretat"},"content":{"rendered":"<p>Les principals mesures que s&#8217;han de seguir a les comunitats de propietaris per disminuir el contagi de COVID-19 s\u00f3n:<\/p>\n<ul>\n<li>Respectar la <strong>dist\u00e0ncia social<\/strong>.<\/li>\n<li>\u00das de la <strong>mascareta<\/strong>.<\/li>\n<li><strong>Higiene<\/strong> de mans.<\/li>\n<li>Prioritzar l&#8217;\u00fas de les <strong>escales<\/strong>. En cas que sigui necessari utilitzar l&#8217;ascensor, fer-ho individualment.<\/li>\n<li>Extremar la <strong>neteja<\/strong> dels espais comuns.<\/li>\n<li><strong>Ventilaci\u00f3<\/strong> i <strong>recollida<\/strong> de deixalles di\u00e0ries.<\/li>\n<li>Reunions: encara que es poden fer reunions amb un m\u00e0xim de 6 assistents, es recomana no celebrar-les presencialment. En el seu lloc, i mentre duri la pand\u00e8mia, s&#8217;aconsella la presa d&#8217;acords mitjan\u00e7ant videoconfer\u00e8ncia (<strong>Juntes Digitals<\/strong>) o mitjan\u00e7ant <strong>l&#8217;adopci\u00f3 d&#8217;acords sense junta presencial<\/strong>.<\/li>\n<\/ul>\n","protected":false},"excerpt":{"rendered":"<p>Les principals mesures que s&#8217;han de seguir a les comunitats de propietaris per disminuir el contagi de COVID-19 s\u00f3n: Respectar la dist\u00e0ncia social. \u00das de la mascareta. Higiene de mans. Prioritzar l&#8217;\u00fas de les escales. En cas que sigui necessari utilitzar l&#8217;ascensor, fer-ho individualment. Extremar la neteja dels espais comuns. Ventilaci\u00f3 i recollida de deixalles di\u00e0ries. Reunions: encara que es poden fer reunions amb &#8230;<\/p>\n","protected":false},"author":11,"featured_media":2855,"comment_status":"open","ping_status":"open","sticky":false,"template":"","format":"standard","meta":{"_joinchat":[],"footnotes":""},"categories":[65,55],"tags":[],"class_list":["post-2841","post","type-post","status-publish","format-standard","has-post-thumbnail","hentry","category-noticias-ca","category-noticies"],"yoast_head":"<!-- This site is optimized with the Yoast SEO plugin v17.9 - https:\/\/yoast.com\/wordpress\/plugins\/seo\/ -->\n<meta name=\"robots\" content=\"index, follow, max-snippet:-1, max-image-preview:large, max-video-preview:-1\" \/>\n<link rel=\"canonical\" href=\"https:\/\/evajor.com\/ca\/comunitats-de-propietaris-mesures-de-seguretat\/\" \/>\n<meta property=\"og:locale\" content=\"ca_ES\" \/>\n<meta property=\"og:type\" content=\"article\" \/>\n<meta property=\"og:title\" content=\"Comunitats de propietaris: mesures de seguretat - Evajor - Abogados &amp; Administradores de Fincas en Barcelona\" \/>\n<meta property=\"og:description\" content=\"Les principals mesures que s&#8217;han de seguir a les comunitats de propietaris per disminuir el contagi de COVID-19 s\u00f3n: Respectar la dist\u00e0ncia social. \u00das de la mascareta. Higiene de mans. Prioritzar l&#8217;\u00fas de les escales. En cas que sigui necessari utilitzar l&#8217;ascensor, fer-ho individualment. Extremar la neteja dels espais comuns. Ventilaci\u00f3 i recollida de deixalles di\u00e0ries. Reunions: encara que es poden fer reunions amb ...\" \/>\n<meta property=\"og:url\" content=\"https:\/\/evajor.com\/ca\/comunitats-de-propietaris-mesures-de-seguretat\/\" \/>\n<meta property=\"og:site_name\" content=\"Evajor - Abogados &amp; Administradores de Fincas en Barcelona\" \/>\n<meta property=\"article:published_time\" content=\"2020-11-11T11:26:33+00:00\" \/>\n<meta property=\"article:modified_time\" content=\"2020-11-12T16:15:21+00:00\" \/>\n<meta property=\"og:image\" content=\"https:\/\/evajor.com\/wp-content\/uploads\/2020\/11\/Comunitatsmesures1.png\" \/>\n\t<meta property=\"og:image:width\" content=\"849\" \/>\n\t<meta property=\"og:image:height\" content=\"409\" \/>\n\t<meta property=\"og:image:type\" content=\"image\/png\" \/>\n<meta name=\"twitter:card\" content=\"summary_large_image\" \/>\n<meta name=\"twitter:label1\" content=\"Escrit per\" \/>\n\t<meta name=\"twitter:data1\" content=\"Andrea\" \/>\n\t<meta name=\"twitter:label2\" content=\"Temps estimat de lectura\" \/>\n\t<meta name=\"twitter:data2\" content=\"1 minut\" \/>\n<script type=\"application\/ld+json\" class=\"yoast-schema-graph\">{\"@context\":\"https:\/\/schema.org\",\"@graph\":[{\"@type\":\"WebSite\",\"@id\":\"https:\/\/evajor.com\/#website\",\"url\":\"https:\/\/evajor.com\/\",\"name\":\"Evajor - Abogados &amp; Administradores de Fincas en Barcelona\",\"description\":\"En Evajor nacimos con la vocaci\\u00f3n de servicio al cliente y, hoy en d\\u00eda, encontrar soluciones a medida es nuestra mejor carta de presentaci\\u00f3n.\",\"potentialAction\":[{\"@type\":\"SearchAction\",\"target\":{\"@type\":\"EntryPoint\",\"urlTemplate\":\"https:\/\/evajor.com\/?s={search_term_string}\"},\"query-input\":\"required name=search_term_string\"}],\"inLanguage\":\"ca\"},{\"@type\":\"ImageObject\",\"@id\":\"https:\/\/evajor.com\/ca\/comunitats-de-propietaris-mesures-de-seguretat\/#primaryimage\",\"inLanguage\":\"ca\",\"url\":\"https:\/\/evajor.com\/wp-content\/uploads\/2020\/11\/Comunitatsmesures1.png\",\"contentUrl\":\"https:\/\/evajor.com\/wp-content\/uploads\/2020\/11\/Comunitatsmesures1.png\",\"width\":849,\"height\":409},{\"@type\":\"WebPage\",\"@id\":\"https:\/\/evajor.com\/ca\/comunitats-de-propietaris-mesures-de-seguretat\/#webpage\",\"url\":\"https:\/\/evajor.com\/ca\/comunitats-de-propietaris-mesures-de-seguretat\/\",\"name\":\"Comunitats de propietaris: mesures de seguretat - Evajor - Abogados &amp; Administradores de Fincas en Barcelona\",\"isPartOf\":{\"@id\":\"https:\/\/evajor.com\/#website\"},\"primaryImageOfPage\":{\"@id\":\"https:\/\/evajor.com\/ca\/comunitats-de-propietaris-mesures-de-seguretat\/#primaryimage\"},\"datePublished\":\"2020-11-11T11:26:33+00:00\",\"dateModified\":\"2020-11-12T16:15:21+00:00\",\"author\":{\"@id\":\"https:\/\/evajor.com\/#\/schema\/person\/c1de3fb09c9ababd2c64d84a7b3d2b82\"},\"breadcrumb\":{\"@id\":\"https:\/\/evajor.com\/ca\/comunitats-de-propietaris-mesures-de-seguretat\/#breadcrumb\"},\"inLanguage\":\"ca\",\"potentialAction\":[{\"@type\":\"ReadAction\",\"target\":[\"https:\/\/evajor.com\/ca\/comunitats-de-propietaris-mesures-de-seguretat\/\"]}]},{\"@type\":\"BreadcrumbList\",\"@id\":\"https:\/\/evajor.com\/ca\/comunitats-de-propietaris-mesures-de-seguretat\/#breadcrumb\",\"itemListElement\":[{\"@type\":\"ListItem\",\"position\":1,\"name\":\"Portada\",\"item\":\"https:\/\/evajor.com\/ca\/\"},{\"@type\":\"ListItem\",\"position\":2,\"name\":\"Comunitats de propietaris: mesures de seguretat\"}]},{\"@type\":\"Person\",\"@id\":\"https:\/\/evajor.com\/#\/schema\/person\/c1de3fb09c9ababd2c64d84a7b3d2b82\",\"name\":\"Andrea\",\"image\":{\"@type\":\"ImageObject\",\"@id\":\"https:\/\/evajor.com\/#personlogo\",\"inLanguage\":\"ca\",\"url\":\"https:\/\/secure.gravatar.com\/avatar\/00e11f247ed0b269e14c76df0621d49dfbf679985745847a28d30a1d26919597?s=96&d=mm&r=g\",\"contentUrl\":\"https:\/\/secure.gravatar.com\/avatar\/00e11f247ed0b269e14c76df0621d49dfbf679985745847a28d30a1d26919597?s=96&d=mm&r=g\",\"caption\":\"Andrea\"},\"url\":\"https:\/\/evajor.com\/ca\/author\/andrea\/\"}]}<\/script>\n<!-- \/ Yoast SEO plugin. -->","yoast_head_json":{"robots":{"index":"index","follow":"follow","max-snippet":"max-snippet:-1","max-image-preview":"max-image-preview:large","max-video-preview":"max-video-preview:-1"},"canonical":"https:\/\/evajor.com\/ca\/comunitats-de-propietaris-mesures-de-seguretat\/","og_locale":"ca_ES","og_type":"article","og_title":"Comunitats de propietaris: mesures de seguretat - Evajor - Abogados &amp; Administradores de Fincas en Barcelona","og_description":"Les principals mesures que s&#8217;han de seguir a les comunitats de propietaris per disminuir el contagi de COVID-19 s\u00f3n: Respectar la dist\u00e0ncia social. \u00das de la mascareta. Higiene de mans. Prioritzar l&#8217;\u00fas de les escales. En cas que sigui necessari utilitzar l&#8217;ascensor, fer-ho individualment. Extremar la neteja dels espais comuns. Ventilaci\u00f3 i recollida de deixalles di\u00e0ries. Reunions: encara que es poden fer reunions amb ...","og_url":"https:\/\/evajor.com\/ca\/comunitats-de-propietaris-mesures-de-seguretat\/","og_site_name":"Evajor - Abogados &amp; Administradores de Fincas en Barcelona","article_published_time":"2020-11-11T11:26:33+00:00","article_modified_time":"2020-11-12T16:15:21+00:00","og_image":[{"width":849,"height":409,"url":"https:\/\/evajor.com\/wp-content\/uploads\/2020\/11\/Comunitatsmesures1.png","type":"image\/png"}],"twitter_card":"summary_large_image","twitter_misc":{"Escrit per":"Andrea","Temps estimat de lectura":"1 minut"},"schema":{"@context":"https:\/\/schema.org","@graph":[{"@type":"WebSite","@id":"https:\/\/evajor.com\/#website","url":"https:\/\/evajor.com\/","name":"Evajor - Abogados &amp; Administradores de Fincas en Barcelona","description":"En Evajor nacimos con la vocaci\u00f3n de servicio al cliente y, hoy en d\u00eda, encontrar soluciones a medida es nuestra mejor carta de presentaci\u00f3n.","potentialAction":[{"@type":"SearchAction","target":{"@type":"EntryPoint","urlTemplate":"https:\/\/evajor.com\/?s={search_term_string}"},"query-input":"required name=search_term_string"}],"inLanguage":"ca"},{"@type":"ImageObject","@id":"https:\/\/evajor.com\/ca\/comunitats-de-propietaris-mesures-de-seguretat\/#primaryimage","inLanguage":"ca","url":"https:\/\/evajor.com\/wp-content\/uploads\/2020\/11\/Comunitatsmesures1.png","contentUrl":"https:\/\/evajor.com\/wp-content\/uploads\/2020\/11\/Comunitatsmesures1.png","width":849,"height":409},{"@type":"WebPage","@id":"https:\/\/evajor.com\/ca\/comunitats-de-propietaris-mesures-de-seguretat\/#webpage","url":"https:\/\/evajor.com\/ca\/comunitats-de-propietaris-mesures-de-seguretat\/","name":"Comunitats de propietaris: mesures de seguretat - Evajor - Abogados &amp; Administradores de Fincas en Barcelona","isPartOf":{"@id":"https:\/\/evajor.com\/#website"},"primaryImageOfPage":{"@id":"https:\/\/evajor.com\/ca\/comunitats-de-propietaris-mesures-de-seguretat\/#primaryimage"},"datePublished":"2020-11-11T11:26:33+00:00","dateModified":"2020-11-12T16:15:21+00:00","author":{"@id":"https:\/\/evajor.com\/#\/schema\/person\/c1de3fb09c9ababd2c64d84a7b3d2b82"},"breadcrumb":{"@id":"https:\/\/evajor.com\/ca\/comunitats-de-propietaris-mesures-de-seguretat\/#breadcrumb"},"inLanguage":"ca","potentialAction":[{"@type":"ReadAction","target":["https:\/\/evajor.com\/ca\/comunitats-de-propietaris-mesures-de-seguretat\/"]}]},{"@type":"BreadcrumbList","@id":"https:\/\/evajor.com\/ca\/comunitats-de-propietaris-mesures-de-seguretat\/#breadcrumb","itemListElement":[{"@type":"ListItem","position":1,"name":"Portada","item":"https:\/\/evajor.com\/ca\/"},{"@type":"ListItem","position":2,"name":"Comunitats de propietaris: mesures de seguretat"}]},{"@type":"Person","@id":"https:\/\/evajor.com\/#\/schema\/person\/c1de3fb09c9ababd2c64d84a7b3d2b82","name":"Andrea","image":{"@type":"ImageObject","@id":"https:\/\/evajor.com\/#personlogo","inLanguage":"ca","url":"https:\/\/secure.gravatar.com\/avatar\/00e11f247ed0b269e14c76df0621d49dfbf679985745847a28d30a1d26919597?s=96&d=mm&r=g","contentUrl":"https:\/\/secure.gravatar.com\/avatar\/00e11f247ed0b269e14c76df0621d49dfbf679985745847a28d30a1d26919597?s=96&d=mm&r=g","caption":"Andrea"},"url":"https:\/\/evajor.com\/ca\/author\/andrea\/"}]}},"_links":{"self":[{"href":"https:\/\/evajor.com\/ca\/wp-json\/wp\/v2\/posts\/2841\/"}],"collection":[{"href":"https:\/\/evajor.com\/ca\/wp-json\/wp\/v2\/posts\/"}],"about":[{"href":"https:\/\/evajor.com\/ca\/wp-json\/wp\/v2\/types\/post\/"}],"author":[{"embeddable":true,"href":"https:\/\/evajor.com\/ca\/wp-json\/wp\/v2\/users\/11\/"}],"replies":[{"embeddable":true,"href":"https:\/\/evajor.com\/ca\/wp-json\/wp\/v2\/comments\/?post=2841"}],"version-history":[{"count":5,"href":"https:\/\/evajor.com\/ca\/wp-json\/wp\/v2\/posts\/2841\/revisions\/"}],"predecessor-version":[{"id":2877,"href":"https:\/\/evajor.com\/ca\/wp-json\/wp\/v2\/posts\/2841\/revisions\/2877\/"}],"wp:featuredmedia":[{"embeddable":true,"href":"https:\/\/evajor.com\/ca\/wp-json\/wp\/v2\/media\/2855\/"}],"wp:attachment":[{"href":"https:\/\/evajor.com\/ca\/wp-json\/wp\/v2\/media\/?parent=2841"}],"wp:term":[{"taxonomy":"category","embeddable":true,"href":"https:\/\/evajor.com\/ca\/wp-json\/wp\/v2\/categories\/?post=2841"},{"taxonomy":"post_tag","embeddable":true,"href":"https:\/\/evajor.com\/ca\/wp-json\/wp\/v2\/tags\/?post=2841"}],"curies":[{"name":"wp","href":"https:\/\/api.w.org\/{rel}","templated":true}]}}