{"id":2782,"date":"2020-10-31T00:37:38","date_gmt":"2020-10-30T22:37:38","guid":{"rendered":"https:\/\/evajor.com\/?p=2782"},"modified":"2020-10-31T00:43:07","modified_gmt":"2020-10-30T22:43:07","slug":"suspensio-temporal-de-latencio-presencial","status":"publish","type":"post","link":"https:\/\/evajor.com\/ca\/suspensio-temporal-de-latencio-presencial\/","title":{"rendered":"Suspensi\u00f3 temporal de l&#8217;atenci\u00f3 presencial"},"content":{"rendered":"<p>Atenent les directrius de les autoritats sanit\u00e0ries, ens veiem en l&#8217;obligaci\u00f3 d&#8217;adoptar les mesures necess\u00e0ries per a prevenir el contagi del Covid-19.<\/p>\n<p>Per aix\u00f2, al llarg de les dues pr\u00f2ximes setmanes, l&#8217;atenci\u00f3 i prestaci\u00f3 de serveis ser\u00e0 <strong>\u00fanicament telef\u00f2nicament o per mitjans digitals<\/strong>, i nom\u00e9s es podr\u00e0 acudir a l&#8217;oficina si es tracta d&#8217;algun motiu imprescindible sol\u00b7licitant cita pr\u00e8via.<\/p>\n<p>El nostre horari ser\u00e0 l&#8217;habitual, de 9:00 a 13:30 i de 15:30 a 19:00 hores.<\/p>\n<p>Els hi tornem a recordar les mesures en cas que hagin d&#8217;acudir amb car\u00e0cter urgent a l&#8217;oficina,<\/p>\n<ul>\n<li><strong>Acudeixin NOM\u00c9S si \u00e9s imprescindible<\/strong>. Abans d&#8217;acudir a l&#8217;oficina, han de telefonar al 933512728 o al 649898114 i sol\u00b7licitar cita pr\u00e8via.<\/li>\n<li>Hauran d&#8217;acudir a la seva cita amb <strong>mascareta<\/strong>.<\/li>\n<li><strong>NO podran acudir acompanyats<\/strong>, tret que l&#8217;acompanyant convisqui amb vost\u00e8s o sigui la persona que s&#8217;encarrega de les seves cures.<\/li>\n<li>Les <strong>persones amb s\u00edmptomes\u00a0<\/strong>de COVID-19 o en a\u00efllament domiciliari per haver estat diagnosticats d&#8217;aquesta malaltia <strong>no podran acudir al despatx<\/strong>.\u00a0Tampoc els qui estiguin en\u00a0<strong>quarantena<\/strong>\u00a0domicili\u00e0ria per haver tingut<strong>\u00a0contacte<\/strong> amb alg\u00fa amb s\u00edmptomes o diagnosticat. Continu\u00efn realitzant els seus tr\u00e0mits mitjan\u00e7ant correu electr\u00f2nic o per tel\u00e8fon.<\/li>\n<li>L&#8217;atenci\u00f3 es realitzar\u00e0 a la recepci\u00f3 o la sala de juntes, per a preservar els llocs de treball individuals. Es disposar\u00e0 de mampares protectores en totes dues ubicacions.<\/li>\n<\/ul>\n<p>Gr\u00e0cies a tots vost\u00e8s per comprendre la necessitat de continuar adoptant aquestes mesures i per la seva col\u00b7laboraci\u00f3.<\/p>\n<p>&nbsp;<\/p>\n","protected":false},"excerpt":{"rendered":"<p>Atenent les directrius de les autoritats sanit\u00e0ries, ens veiem en l&#8217;obligaci\u00f3 d&#8217;adoptar les mesures necess\u00e0ries per a prevenir el contagi del Covid-19. Per aix\u00f2, al llarg de les dues pr\u00f2ximes setmanes, l&#8217;atenci\u00f3 i prestaci\u00f3 de serveis ser\u00e0 \u00fanicament telef\u00f2nicament o per mitjans digitals, i nom\u00e9s es podr\u00e0 acudir a l&#8217;oficina si es tracta d&#8217;algun motiu imprescindible sol\u00b7licitant cita pr\u00e8via. El nostre horari ser\u00e0 l&#8217;habitual, &#8230;<\/p>\n","protected":false},"author":11,"featured_media":2803,"comment_status":"open","ping_status":"open","sticky":false,"template":"","format":"standard","meta":{"_joinchat":[],"footnotes":""},"categories":[55],"tags":[],"class_list":["post-2782","post","type-post","status-publish","format-standard","has-post-thumbnail","hentry","category-noticies"],"yoast_head":"<!-- This site is optimized with the Yoast SEO plugin v17.9 - https:\/\/yoast.com\/wordpress\/plugins\/seo\/ -->\n<meta name=\"robots\" content=\"index, follow, max-snippet:-1, max-image-preview:large, max-video-preview:-1\" \/>\n<link rel=\"canonical\" href=\"https:\/\/evajor.com\/ca\/suspensio-temporal-de-latencio-presencial\/\" \/>\n<meta property=\"og:locale\" content=\"ca_ES\" \/>\n<meta property=\"og:type\" content=\"article\" \/>\n<meta property=\"og:title\" content=\"Suspensi\u00f3 temporal de l&#039;atenci\u00f3 presencial - Evajor - Abogados &amp; Administradores de Fincas en Barcelona\" \/>\n<meta property=\"og:description\" content=\"Atenent les directrius de les autoritats sanit\u00e0ries, ens veiem en l&#8217;obligaci\u00f3 d&#8217;adoptar les mesures necess\u00e0ries per a prevenir el contagi del Covid-19. Per aix\u00f2, al llarg de les dues pr\u00f2ximes setmanes, l&#8217;atenci\u00f3 i prestaci\u00f3 de serveis ser\u00e0 \u00fanicament telef\u00f2nicament o per mitjans digitals, i nom\u00e9s es podr\u00e0 acudir a l&#8217;oficina si es tracta d&#8217;algun motiu imprescindible sol\u00b7licitant cita pr\u00e8via. El nostre horari ser\u00e0 l&#8217;habitual, ...\" \/>\n<meta property=\"og:url\" content=\"https:\/\/evajor.com\/ca\/suspensio-temporal-de-latencio-presencial\/\" \/>\n<meta property=\"og:site_name\" content=\"Evajor - Abogados &amp; Administradores de Fincas en Barcelona\" \/>\n<meta property=\"article:published_time\" content=\"2020-10-30T22:37:38+00:00\" \/>\n<meta property=\"article:modified_time\" content=\"2020-10-30T22:43:07+00:00\" \/>\n<meta property=\"og:image\" content=\"https:\/\/evajor.com\/wp-content\/uploads\/2020\/10\/FrenaLaPropagacion-1.png\" \/>\n\t<meta property=\"og:image:width\" content=\"1350\" \/>\n\t<meta property=\"og:image:height\" content=\"650\" \/>\n\t<meta property=\"og:image:type\" content=\"image\/png\" \/>\n<meta name=\"twitter:card\" content=\"summary_large_image\" \/>\n<meta name=\"twitter:label1\" content=\"Escrit per\" \/>\n\t<meta name=\"twitter:data1\" content=\"Andrea\" \/>\n\t<meta name=\"twitter:label2\" content=\"Temps estimat de lectura\" \/>\n\t<meta name=\"twitter:data2\" content=\"1 minut\" \/>\n<script type=\"application\/ld+json\" class=\"yoast-schema-graph\">{\"@context\":\"https:\/\/schema.org\",\"@graph\":[{\"@type\":\"WebSite\",\"@id\":\"https:\/\/evajor.com\/#website\",\"url\":\"https:\/\/evajor.com\/\",\"name\":\"Evajor - Abogados &amp; Administradores de Fincas en Barcelona\",\"description\":\"En Evajor nacimos con la vocaci\\u00f3n de servicio al cliente y, hoy en d\\u00eda, encontrar soluciones a medida es nuestra mejor carta de presentaci\\u00f3n.\",\"potentialAction\":[{\"@type\":\"SearchAction\",\"target\":{\"@type\":\"EntryPoint\",\"urlTemplate\":\"https:\/\/evajor.com\/?s={search_term_string}\"},\"query-input\":\"required name=search_term_string\"}],\"inLanguage\":\"ca\"},{\"@type\":\"ImageObject\",\"@id\":\"https:\/\/evajor.com\/ca\/suspensio-temporal-de-latencio-presencial\/#primaryimage\",\"inLanguage\":\"ca\",\"url\":\"https:\/\/evajor.com\/wp-content\/uploads\/2020\/10\/FrenaLaPropagacion-1.png\",\"contentUrl\":\"https:\/\/evajor.com\/wp-content\/uploads\/2020\/10\/FrenaLaPropagacion-1.png\",\"width\":1350,\"height\":650},{\"@type\":\"WebPage\",\"@id\":\"https:\/\/evajor.com\/ca\/suspensio-temporal-de-latencio-presencial\/#webpage\",\"url\":\"https:\/\/evajor.com\/ca\/suspensio-temporal-de-latencio-presencial\/\",\"name\":\"Suspensi\\u00f3 temporal de l'atenci\\u00f3 presencial - Evajor - Abogados &amp; Administradores de Fincas en Barcelona\",\"isPartOf\":{\"@id\":\"https:\/\/evajor.com\/#website\"},\"primaryImageOfPage\":{\"@id\":\"https:\/\/evajor.com\/ca\/suspensio-temporal-de-latencio-presencial\/#primaryimage\"},\"datePublished\":\"2020-10-30T22:37:38+00:00\",\"dateModified\":\"2020-10-30T22:43:07+00:00\",\"author\":{\"@id\":\"https:\/\/evajor.com\/#\/schema\/person\/c1de3fb09c9ababd2c64d84a7b3d2b82\"},\"breadcrumb\":{\"@id\":\"https:\/\/evajor.com\/ca\/suspensio-temporal-de-latencio-presencial\/#breadcrumb\"},\"inLanguage\":\"ca\",\"potentialAction\":[{\"@type\":\"ReadAction\",\"target\":[\"https:\/\/evajor.com\/ca\/suspensio-temporal-de-latencio-presencial\/\"]}]},{\"@type\":\"BreadcrumbList\",\"@id\":\"https:\/\/evajor.com\/ca\/suspensio-temporal-de-latencio-presencial\/#breadcrumb\",\"itemListElement\":[{\"@type\":\"ListItem\",\"position\":1,\"name\":\"Portada\",\"item\":\"https:\/\/evajor.com\/ca\/\"},{\"@type\":\"ListItem\",\"position\":2,\"name\":\"Suspensi\\u00f3 temporal de l&#8217;atenci\\u00f3 presencial\"}]},{\"@type\":\"Person\",\"@id\":\"https:\/\/evajor.com\/#\/schema\/person\/c1de3fb09c9ababd2c64d84a7b3d2b82\",\"name\":\"Andrea\",\"image\":{\"@type\":\"ImageObject\",\"@id\":\"https:\/\/evajor.com\/#personlogo\",\"inLanguage\":\"ca\",\"url\":\"https:\/\/secure.gravatar.com\/avatar\/00e11f247ed0b269e14c76df0621d49dfbf679985745847a28d30a1d26919597?s=96&d=mm&r=g\",\"contentUrl\":\"https:\/\/secure.gravatar.com\/avatar\/00e11f247ed0b269e14c76df0621d49dfbf679985745847a28d30a1d26919597?s=96&d=mm&r=g\",\"caption\":\"Andrea\"},\"url\":\"https:\/\/evajor.com\/ca\/author\/andrea\/\"}]}<\/script>\n<!-- \/ Yoast SEO plugin. -->","yoast_head_json":{"robots":{"index":"index","follow":"follow","max-snippet":"max-snippet:-1","max-image-preview":"max-image-preview:large","max-video-preview":"max-video-preview:-1"},"canonical":"https:\/\/evajor.com\/ca\/suspensio-temporal-de-latencio-presencial\/","og_locale":"ca_ES","og_type":"article","og_title":"Suspensi\u00f3 temporal de l'atenci\u00f3 presencial - Evajor - Abogados &amp; Administradores de Fincas en Barcelona","og_description":"Atenent les directrius de les autoritats sanit\u00e0ries, ens veiem en l&#8217;obligaci\u00f3 d&#8217;adoptar les mesures necess\u00e0ries per a prevenir el contagi del Covid-19. Per aix\u00f2, al llarg de les dues pr\u00f2ximes setmanes, l&#8217;atenci\u00f3 i prestaci\u00f3 de serveis ser\u00e0 \u00fanicament telef\u00f2nicament o per mitjans digitals, i nom\u00e9s es podr\u00e0 acudir a l&#8217;oficina si es tracta d&#8217;algun motiu imprescindible sol\u00b7licitant cita pr\u00e8via. El nostre horari ser\u00e0 l&#8217;habitual, ...","og_url":"https:\/\/evajor.com\/ca\/suspensio-temporal-de-latencio-presencial\/","og_site_name":"Evajor - Abogados &amp; Administradores de Fincas en Barcelona","article_published_time":"2020-10-30T22:37:38+00:00","article_modified_time":"2020-10-30T22:43:07+00:00","og_image":[{"width":1350,"height":650,"url":"https:\/\/evajor.com\/wp-content\/uploads\/2020\/10\/FrenaLaPropagacion-1.png","type":"image\/png"}],"twitter_card":"summary_large_image","twitter_misc":{"Escrit per":"Andrea","Temps estimat de lectura":"1 minut"},"schema":{"@context":"https:\/\/schema.org","@graph":[{"@type":"WebSite","@id":"https:\/\/evajor.com\/#website","url":"https:\/\/evajor.com\/","name":"Evajor - Abogados &amp; Administradores de Fincas en Barcelona","description":"En Evajor nacimos con la vocaci\u00f3n de servicio al cliente y, hoy en d\u00eda, encontrar soluciones a medida es nuestra mejor carta de presentaci\u00f3n.","potentialAction":[{"@type":"SearchAction","target":{"@type":"EntryPoint","urlTemplate":"https:\/\/evajor.com\/?s={search_term_string}"},"query-input":"required name=search_term_string"}],"inLanguage":"ca"},{"@type":"ImageObject","@id":"https:\/\/evajor.com\/ca\/suspensio-temporal-de-latencio-presencial\/#primaryimage","inLanguage":"ca","url":"https:\/\/evajor.com\/wp-content\/uploads\/2020\/10\/FrenaLaPropagacion-1.png","contentUrl":"https:\/\/evajor.com\/wp-content\/uploads\/2020\/10\/FrenaLaPropagacion-1.png","width":1350,"height":650},{"@type":"WebPage","@id":"https:\/\/evajor.com\/ca\/suspensio-temporal-de-latencio-presencial\/#webpage","url":"https:\/\/evajor.com\/ca\/suspensio-temporal-de-latencio-presencial\/","name":"Suspensi\u00f3 temporal de l'atenci\u00f3 presencial - Evajor - Abogados &amp; Administradores de Fincas en Barcelona","isPartOf":{"@id":"https:\/\/evajor.com\/#website"},"primaryImageOfPage":{"@id":"https:\/\/evajor.com\/ca\/suspensio-temporal-de-latencio-presencial\/#primaryimage"},"datePublished":"2020-10-30T22:37:38+00:00","dateModified":"2020-10-30T22:43:07+00:00","author":{"@id":"https:\/\/evajor.com\/#\/schema\/person\/c1de3fb09c9ababd2c64d84a7b3d2b82"},"breadcrumb":{"@id":"https:\/\/evajor.com\/ca\/suspensio-temporal-de-latencio-presencial\/#breadcrumb"},"inLanguage":"ca","potentialAction":[{"@type":"ReadAction","target":["https:\/\/evajor.com\/ca\/suspensio-temporal-de-latencio-presencial\/"]}]},{"@type":"BreadcrumbList","@id":"https:\/\/evajor.com\/ca\/suspensio-temporal-de-latencio-presencial\/#breadcrumb","itemListElement":[{"@type":"ListItem","position":1,"name":"Portada","item":"https:\/\/evajor.com\/ca\/"},{"@type":"ListItem","position":2,"name":"Suspensi\u00f3 temporal de l&#8217;atenci\u00f3 presencial"}]},{"@type":"Person","@id":"https:\/\/evajor.com\/#\/schema\/person\/c1de3fb09c9ababd2c64d84a7b3d2b82","name":"Andrea","image":{"@type":"ImageObject","@id":"https:\/\/evajor.com\/#personlogo","inLanguage":"ca","url":"https:\/\/secure.gravatar.com\/avatar\/00e11f247ed0b269e14c76df0621d49dfbf679985745847a28d30a1d26919597?s=96&d=mm&r=g","contentUrl":"https:\/\/secure.gravatar.com\/avatar\/00e11f247ed0b269e14c76df0621d49dfbf679985745847a28d30a1d26919597?s=96&d=mm&r=g","caption":"Andrea"},"url":"https:\/\/evajor.com\/ca\/author\/andrea\/"}]}},"_links":{"self":[{"href":"https:\/\/evajor.com\/ca\/wp-json\/wp\/v2\/posts\/2782\/"}],"collection":[{"href":"https:\/\/evajor.com\/ca\/wp-json\/wp\/v2\/posts\/"}],"about":[{"href":"https:\/\/evajor.com\/ca\/wp-json\/wp\/v2\/types\/post\/"}],"author":[{"embeddable":true,"href":"https:\/\/evajor.com\/ca\/wp-json\/wp\/v2\/users\/11\/"}],"replies":[{"embeddable":true,"href":"https:\/\/evajor.com\/ca\/wp-json\/wp\/v2\/comments\/?post=2782"}],"version-history":[{"count":5,"href":"https:\/\/evajor.com\/ca\/wp-json\/wp\/v2\/posts\/2782\/revisions\/"}],"predecessor-version":[{"id":2817,"href":"https:\/\/evajor.com\/ca\/wp-json\/wp\/v2\/posts\/2782\/revisions\/2817\/"}],"wp:featuredmedia":[{"embeddable":true,"href":"https:\/\/evajor.com\/ca\/wp-json\/wp\/v2\/media\/2803\/"}],"wp:attachment":[{"href":"https:\/\/evajor.com\/ca\/wp-json\/wp\/v2\/media\/?parent=2782"}],"wp:term":[{"taxonomy":"category","embeddable":true,"href":"https:\/\/evajor.com\/ca\/wp-json\/wp\/v2\/categories\/?post=2782"},{"taxonomy":"post_tag","embeddable":true,"href":"https:\/\/evajor.com\/ca\/wp-json\/wp\/v2\/tags\/?post=2782"}],"curies":[{"name":"wp","href":"https:\/\/api.w.org\/{rel}","templated":true}]}}