{"id":2392,"date":"2020-05-07T18:15:49","date_gmt":"2020-05-07T16:15:49","guid":{"rendered":"https:\/\/evajor.com\/?p=2392"},"modified":"2020-05-07T18:15:49","modified_gmt":"2020-05-07T16:15:49","slug":"junts-en-sortirem","status":"publish","type":"post","link":"https:\/\/evajor.com\/ca\/junts-en-sortirem\/","title":{"rendered":"Tornem a l&#8217;oficina #JuntsEnSortirem#"},"content":{"rendered":"<p>A Barcelona, \u200b\u200b7 de maig de 2020<\/p>\n<p>En primer lloc, esperem que tots vost\u00e8s, els seus familiars i cercles pr\u00f2xims gaudeixin d&#8217;un bon estat de salut.<\/p>\n<p>En segon lloc, volem donar les <strong>gr\u00e0cies<\/strong> a tots els nostres clients, per la gran acollida i comprensi\u00f3 que han mostrat des del 14\/03\/2020 que el despatx est\u00e0 teletreballant, sense haver pogut preavisar-los.<\/p>\n<p>Durant aquest temps hem intentat, mantenir el millor servei per vost\u00e8s.<\/p>\n<p>Hem intentat i seguirem fent-ho, implementar noves tecnologies i noves t\u00e8cniques i formes de comunicaci\u00f3.<\/p>\n<p>Finalment, no sabem quan entrar\u00e0 Barcelona a la Fase 1 de la desescalada, per\u00f2, el proper dilluns, <strong>11 de maig de 2020<\/strong>, nosaltres tornarem, per atendre aquelles persones que ho necessitin.<\/p>\n<p>Donada la situaci\u00f3 en qu\u00e8 ens trobem, ens veiem en la necessitat de protegir la salut tant dels nostres treballadors com dels nostres clients, de manera que, fins a nou av\u00eds, adoptarem les seg\u00fcents mesures:<\/p>\n<p>&#8211; Obrirem en <strong>l&#8217;horari habitual<\/strong> de 9 a 13,30 i de 15,30 a 19 hores, realitzant torns entre els treballadors.<\/p>\n<p>&#8211; <strong>Vagin NOM\u00c9S si \u00e9s imprescindible<\/strong>. Poden seguir gestionant tot all\u00f2 que requereixin mitjan\u00e7ant correu electr\u00f2nic o per tel\u00e8fon<\/p>\n<p>&#8211; <strong>Nom\u00e9s s&#8217;atendr\u00e0 amb cita pr\u00e8via<\/strong>. Abans d&#8217;anar a l&#8217;oficina, han de trucar al 933512728 o al 649898114.<\/p>\n<p>&#8211; Les <strong>persones de 65 a 70 anys<\/strong> tindran cita preferent de 9 a 10 hores.<\/p>\n<p>&#8211; Les <strong>persones majors de 70 anys<\/strong> tindran cita preferent de 10 a 12 hores.<\/p>\n<p>&#8211; <strong>NO podran anar acompanyats<\/strong>, llevat que l&#8217;acompanyant convisqui amb vost\u00e8s o sigui la persona que s&#8217;encarrega de les seves cures.<\/p>\n<p>&#8211; Les <strong>persones amb s\u00edmptomes<\/strong> de COVID-19 o en a\u00efllament domiciliari per haver estat diagnosticades d&#8217;aquesta malaltia <strong>no podran anar al despatx<\/strong>. Tampoc els que estiguin en <strong>quarantena<\/strong> domicili\u00e0ria per haver tingut <strong>contacte<\/strong> amb alg\u00fa amb s\u00edmptomes o diagnosticat. Segueixin realitzant els seus tr\u00e0mits mitjan\u00e7ant correu electr\u00f2nic o per tel\u00e8fon.<\/p>\n<p>&#8211; L&#8217;atenci\u00f3 es realitzar\u00e0 a recepci\u00f3 o a la sala de juntes, per preservar els llocs de treball individuals. Es disposar\u00e0 de mampares protectores en les dues ubicacions.<\/p>\n<p>&#8211; Hauran d&#8217;anar a la cita amb mascareta i guants.<\/p>\n<p>Gr\u00e0cies a tots vost\u00e8s per comprendre la necessitat d&#8217;adoptar aquestes mesures i per la seva col\u00b7laboraci\u00f3.<\/p>\n","protected":false},"excerpt":{"rendered":"<p>A Barcelona, \u200b\u200b7 de maig de 2020 En primer lloc, esperem que tots vost\u00e8s, els seus familiars i cercles pr\u00f2xims gaudeixin d&#8217;un bon estat de salut. En segon lloc, volem donar les gr\u00e0cies a tots els nostres clients, per la gran acollida i comprensi\u00f3 que han mostrat des del 14\/03\/2020 que el despatx est\u00e0 teletreballant, sense haver pogut preavisar-los. Durant aquest temps hem intentat, &#8230;<\/p>\n","protected":false},"author":6,"featured_media":2389,"comment_status":"open","ping_status":"open","sticky":false,"template":"","format":"standard","meta":{"_joinchat":[],"footnotes":""},"categories":[55],"tags":[],"class_list":["post-2392","post","type-post","status-publish","format-standard","has-post-thumbnail","hentry","category-noticies"],"yoast_head":"<!-- This site is optimized with the Yoast SEO plugin v17.9 - https:\/\/yoast.com\/wordpress\/plugins\/seo\/ -->\n<meta name=\"robots\" content=\"index, follow, max-snippet:-1, max-image-preview:large, max-video-preview:-1\" \/>\n<link rel=\"canonical\" href=\"https:\/\/evajor.com\/ca\/junts-en-sortirem\/\" \/>\n<meta property=\"og:locale\" content=\"ca_ES\" \/>\n<meta property=\"og:type\" content=\"article\" \/>\n<meta property=\"og:title\" content=\"Tornem a l&#039;oficina #JuntsEnSortirem# - Evajor - Abogados &amp; Administradores de Fincas en Barcelona\" \/>\n<meta property=\"og:description\" content=\"A Barcelona, \u200b\u200b7 de maig de 2020 En primer lloc, esperem que tots vost\u00e8s, els seus familiars i cercles pr\u00f2xims gaudeixin d&#8217;un bon estat de salut. En segon lloc, volem donar les gr\u00e0cies a tots els nostres clients, per la gran acollida i comprensi\u00f3 que han mostrat des del 14\/03\/2020 que el despatx est\u00e0 teletreballant, sense haver pogut preavisar-los. Durant aquest temps hem intentat, ...\" \/>\n<meta property=\"og:url\" content=\"https:\/\/evajor.com\/ca\/junts-en-sortirem\/\" \/>\n<meta property=\"og:site_name\" content=\"Evajor - Abogados &amp; Administradores de Fincas en Barcelona\" \/>\n<meta property=\"article:published_time\" content=\"2020-05-07T16:15:49+00:00\" \/>\n<meta property=\"og:image\" content=\"https:\/\/evajor.com\/wp-content\/uploads\/2020\/05\/covid-5084887_1920.jpg\" \/>\n\t<meta property=\"og:image:width\" content=\"1920\" \/>\n\t<meta property=\"og:image:height\" content=\"1280\" \/>\n\t<meta property=\"og:image:type\" content=\"image\/jpeg\" \/>\n<meta name=\"twitter:card\" content=\"summary_large_image\" \/>\n<meta name=\"twitter:label1\" content=\"Escrit per\" \/>\n\t<meta name=\"twitter:data1\" content=\"Evajor\" \/>\n\t<meta name=\"twitter:label2\" content=\"Temps estimat de lectura\" \/>\n\t<meta name=\"twitter:data2\" content=\"2 minuts\" \/>\n<script type=\"application\/ld+json\" class=\"yoast-schema-graph\">{\"@context\":\"https:\/\/schema.org\",\"@graph\":[{\"@type\":\"WebSite\",\"@id\":\"https:\/\/evajor.com\/#website\",\"url\":\"https:\/\/evajor.com\/\",\"name\":\"Evajor - Abogados &amp; Administradores de Fincas en Barcelona\",\"description\":\"En Evajor nacimos con la vocaci\\u00f3n de servicio al cliente y, hoy en d\\u00eda, encontrar soluciones a medida es nuestra mejor carta de presentaci\\u00f3n.\",\"potentialAction\":[{\"@type\":\"SearchAction\",\"target\":{\"@type\":\"EntryPoint\",\"urlTemplate\":\"https:\/\/evajor.com\/?s={search_term_string}\"},\"query-input\":\"required name=search_term_string\"}],\"inLanguage\":\"ca\"},{\"@type\":\"ImageObject\",\"@id\":\"https:\/\/evajor.com\/ca\/junts-en-sortirem\/#primaryimage\",\"inLanguage\":\"ca\",\"url\":\"https:\/\/evajor.com\/wp-content\/uploads\/2020\/05\/covid-5084887_1920.jpg\",\"contentUrl\":\"https:\/\/evajor.com\/wp-content\/uploads\/2020\/05\/covid-5084887_1920.jpg\",\"width\":1920,\"height\":1280},{\"@type\":\"WebPage\",\"@id\":\"https:\/\/evajor.com\/ca\/junts-en-sortirem\/#webpage\",\"url\":\"https:\/\/evajor.com\/ca\/junts-en-sortirem\/\",\"name\":\"Tornem a l'oficina #JuntsEnSortirem# - Evajor - Abogados &amp; Administradores de Fincas en Barcelona\",\"isPartOf\":{\"@id\":\"https:\/\/evajor.com\/#website\"},\"primaryImageOfPage\":{\"@id\":\"https:\/\/evajor.com\/ca\/junts-en-sortirem\/#primaryimage\"},\"datePublished\":\"2020-05-07T16:15:49+00:00\",\"dateModified\":\"2020-05-07T16:15:49+00:00\",\"author\":{\"@id\":\"https:\/\/evajor.com\/#\/schema\/person\/0adb0bd0771cc05eca794a5df535e3fe\"},\"breadcrumb\":{\"@id\":\"https:\/\/evajor.com\/ca\/junts-en-sortirem\/#breadcrumb\"},\"inLanguage\":\"ca\",\"potentialAction\":[{\"@type\":\"ReadAction\",\"target\":[\"https:\/\/evajor.com\/ca\/junts-en-sortirem\/\"]}]},{\"@type\":\"BreadcrumbList\",\"@id\":\"https:\/\/evajor.com\/ca\/junts-en-sortirem\/#breadcrumb\",\"itemListElement\":[{\"@type\":\"ListItem\",\"position\":1,\"name\":\"Portada\",\"item\":\"https:\/\/evajor.com\/ca\/\"},{\"@type\":\"ListItem\",\"position\":2,\"name\":\"Tornem a l&#8217;oficina #JuntsEnSortirem#\"}]},{\"@type\":\"Person\",\"@id\":\"https:\/\/evajor.com\/#\/schema\/person\/0adb0bd0771cc05eca794a5df535e3fe\",\"name\":\"Evajor\",\"image\":{\"@type\":\"ImageObject\",\"@id\":\"https:\/\/evajor.com\/#personlogo\",\"inLanguage\":\"ca\",\"url\":\"https:\/\/secure.gravatar.com\/avatar\/0c8eaf8dc9af27dee8c493983ec6207dbfcdaf8c23ef841743742a15507bd650?s=96&d=mm&r=g\",\"contentUrl\":\"https:\/\/secure.gravatar.com\/avatar\/0c8eaf8dc9af27dee8c493983ec6207dbfcdaf8c23ef841743742a15507bd650?s=96&d=mm&r=g\",\"caption\":\"Evajor\"},\"url\":\"https:\/\/evajor.com\/ca\/author\/evajor\/\"}]}<\/script>\n<!-- \/ Yoast SEO plugin. -->","yoast_head_json":{"robots":{"index":"index","follow":"follow","max-snippet":"max-snippet:-1","max-image-preview":"max-image-preview:large","max-video-preview":"max-video-preview:-1"},"canonical":"https:\/\/evajor.com\/ca\/junts-en-sortirem\/","og_locale":"ca_ES","og_type":"article","og_title":"Tornem a l'oficina #JuntsEnSortirem# - Evajor - Abogados &amp; Administradores de Fincas en Barcelona","og_description":"A Barcelona, \u200b\u200b7 de maig de 2020 En primer lloc, esperem que tots vost\u00e8s, els seus familiars i cercles pr\u00f2xims gaudeixin d&#8217;un bon estat de salut. En segon lloc, volem donar les gr\u00e0cies a tots els nostres clients, per la gran acollida i comprensi\u00f3 que han mostrat des del 14\/03\/2020 que el despatx est\u00e0 teletreballant, sense haver pogut preavisar-los. Durant aquest temps hem intentat, ...","og_url":"https:\/\/evajor.com\/ca\/junts-en-sortirem\/","og_site_name":"Evajor - Abogados &amp; Administradores de Fincas en Barcelona","article_published_time":"2020-05-07T16:15:49+00:00","og_image":[{"width":1920,"height":1280,"url":"https:\/\/evajor.com\/wp-content\/uploads\/2020\/05\/covid-5084887_1920.jpg","type":"image\/jpeg"}],"twitter_card":"summary_large_image","twitter_misc":{"Escrit per":"Evajor","Temps estimat de lectura":"2 minuts"},"schema":{"@context":"https:\/\/schema.org","@graph":[{"@type":"WebSite","@id":"https:\/\/evajor.com\/#website","url":"https:\/\/evajor.com\/","name":"Evajor - Abogados &amp; Administradores de Fincas en Barcelona","description":"En Evajor nacimos con la vocaci\u00f3n de servicio al cliente y, hoy en d\u00eda, encontrar soluciones a medida es nuestra mejor carta de presentaci\u00f3n.","potentialAction":[{"@type":"SearchAction","target":{"@type":"EntryPoint","urlTemplate":"https:\/\/evajor.com\/?s={search_term_string}"},"query-input":"required name=search_term_string"}],"inLanguage":"ca"},{"@type":"ImageObject","@id":"https:\/\/evajor.com\/ca\/junts-en-sortirem\/#primaryimage","inLanguage":"ca","url":"https:\/\/evajor.com\/wp-content\/uploads\/2020\/05\/covid-5084887_1920.jpg","contentUrl":"https:\/\/evajor.com\/wp-content\/uploads\/2020\/05\/covid-5084887_1920.jpg","width":1920,"height":1280},{"@type":"WebPage","@id":"https:\/\/evajor.com\/ca\/junts-en-sortirem\/#webpage","url":"https:\/\/evajor.com\/ca\/junts-en-sortirem\/","name":"Tornem a l'oficina #JuntsEnSortirem# - Evajor - Abogados &amp; Administradores de Fincas en Barcelona","isPartOf":{"@id":"https:\/\/evajor.com\/#website"},"primaryImageOfPage":{"@id":"https:\/\/evajor.com\/ca\/junts-en-sortirem\/#primaryimage"},"datePublished":"2020-05-07T16:15:49+00:00","dateModified":"2020-05-07T16:15:49+00:00","author":{"@id":"https:\/\/evajor.com\/#\/schema\/person\/0adb0bd0771cc05eca794a5df535e3fe"},"breadcrumb":{"@id":"https:\/\/evajor.com\/ca\/junts-en-sortirem\/#breadcrumb"},"inLanguage":"ca","potentialAction":[{"@type":"ReadAction","target":["https:\/\/evajor.com\/ca\/junts-en-sortirem\/"]}]},{"@type":"BreadcrumbList","@id":"https:\/\/evajor.com\/ca\/junts-en-sortirem\/#breadcrumb","itemListElement":[{"@type":"ListItem","position":1,"name":"Portada","item":"https:\/\/evajor.com\/ca\/"},{"@type":"ListItem","position":2,"name":"Tornem a l&#8217;oficina #JuntsEnSortirem#"}]},{"@type":"Person","@id":"https:\/\/evajor.com\/#\/schema\/person\/0adb0bd0771cc05eca794a5df535e3fe","name":"Evajor","image":{"@type":"ImageObject","@id":"https:\/\/evajor.com\/#personlogo","inLanguage":"ca","url":"https:\/\/secure.gravatar.com\/avatar\/0c8eaf8dc9af27dee8c493983ec6207dbfcdaf8c23ef841743742a15507bd650?s=96&d=mm&r=g","contentUrl":"https:\/\/secure.gravatar.com\/avatar\/0c8eaf8dc9af27dee8c493983ec6207dbfcdaf8c23ef841743742a15507bd650?s=96&d=mm&r=g","caption":"Evajor"},"url":"https:\/\/evajor.com\/ca\/author\/evajor\/"}]}},"_links":{"self":[{"href":"https:\/\/evajor.com\/ca\/wp-json\/wp\/v2\/posts\/2392\/"}],"collection":[{"href":"https:\/\/evajor.com\/ca\/wp-json\/wp\/v2\/posts\/"}],"about":[{"href":"https:\/\/evajor.com\/ca\/wp-json\/wp\/v2\/types\/post\/"}],"author":[{"embeddable":true,"href":"https:\/\/evajor.com\/ca\/wp-json\/wp\/v2\/users\/6\/"}],"replies":[{"embeddable":true,"href":"https:\/\/evajor.com\/ca\/wp-json\/wp\/v2\/comments\/?post=2392"}],"version-history":[{"count":3,"href":"https:\/\/evajor.com\/ca\/wp-json\/wp\/v2\/posts\/2392\/revisions\/"}],"predecessor-version":[{"id":2396,"href":"https:\/\/evajor.com\/ca\/wp-json\/wp\/v2\/posts\/2392\/revisions\/2396\/"}],"wp:featuredmedia":[{"embeddable":true,"href":"https:\/\/evajor.com\/ca\/wp-json\/wp\/v2\/media\/2389\/"}],"wp:attachment":[{"href":"https:\/\/evajor.com\/ca\/wp-json\/wp\/v2\/media\/?parent=2392"}],"wp:term":[{"taxonomy":"category","embeddable":true,"href":"https:\/\/evajor.com\/ca\/wp-json\/wp\/v2\/categories\/?post=2392"},{"taxonomy":"post_tag","embeddable":true,"href":"https:\/\/evajor.com\/ca\/wp-json\/wp\/v2\/tags\/?post=2392"}],"curies":[{"name":"wp","href":"https:\/\/api.w.org\/{rel}","templated":true}]}}